{"id":74820,"date":"2025-08-27T00:45:53","date_gmt":"2025-08-27T04:45:53","guid":{"rendered":"https:\/\/eldiarioantillano.com\/uno\/?p=74820"},"modified":"2025-08-27T00:45:53","modified_gmt":"2025-08-27T04:45:53","slug":"pandilleros-en-haiti-quemaron-22-blindados-enviados-por-eeuu","status":"publish","type":"post","link":"https:\/\/eldiarioantillano.com\/uno\/2025\/08\/27\/pandilleros-en-haiti-quemaron-22-blindados-enviados-por-eeuu\/","title":{"rendered":"Pandilleros en Hait\u00ed quemaron 22 blindados enviados por EEUU"},"content":{"rendered":"<div class=\"elementor-element elementor-element-5a38e61 e-flex e-con-boxed e-con e-child\" data-id=\"5a38e61\" data-element_type=\"container\">\n<div class=\"e-con-inner\">\n<div class=\"elementor-element elementor-element-d2a4feb elementor-widget elementor-widget-theme-post-excerpt\" data-id=\"d2a4feb\" data-element_type=\"widget\" data-widget_type=\"theme-post-excerpt.default\">\n<div class=\"elementor-widget-container\">Puerto Pr\u00edncipe, 26 ago (Prensa Latina) La coalici\u00f3n de pandillas que mantiene en jaque a la Polic\u00eda Nacional de Hait\u00ed, al Ej\u00e9rcito y a las tropas extranjeras quem\u00f3 hasta hoy a 22 blindados enviados por Estados Unidos.<\/div>\n<\/div>\n<\/div>\n<\/div>\n<div class=\"elementor-element elementor-element-f5ec5bf e-flex e-con-boxed e-con e-child\" data-id=\"f5ec5bf\" data-element_type=\"container\">\n<div class=\"e-con-inner\"><\/div>\n<\/div>\n<div class=\"elementor-element elementor-element-80c8584 elementor-mobile-align-left elementor-widget elementor-widget-post-info\" data-id=\"80c8584\" data-element_type=\"widget\" data-widget_type=\"post-info.default\">\n<div class=\"elementor-widget-container\">\n<p>De acuerdo con el diario digital Hait\u00ed Libre, solo 64 veh\u00edculos, el 58 por ciento, siguen operativos, mientras que otros 24, 22 por ciento est\u00e1n averiados.<\/p>\n<p>El plan de los delincuentes contra esas m\u00e1quinas de hierro sigue dando resultados, pues cavan zanjas en los caminos, la cubren con tablones y luego colocan los adoquines.<\/p>\n<p>Esta t\u00e1ctica de destruir los blindados con trampas r\u00fasticas hace m\u00e1s peligrosas las rutinas de vigilancia.<\/p>\n<p>Para las tropas extranjeras, ser\u00eda muy complejo patrullar un pa\u00eds desconocido a base de infanter\u00eda urbana.<\/p>\n<p>Los pandilleros cuando neutralizan un veh\u00edculo fortificado se apropian del armamento, municiones y equipos de comunicaci\u00f3n, luego, para dar conocer su fechor\u00eda a sus adversarios locales y for\u00e1neos cuelgan en las redes sociales videos de los blindados envueltos en llamas con una densa columna de humo negro.<\/p>\n<p>La t\u00e1ctica contra estos veh\u00edculo trajo de vuelta la moda del coctel Molotov.<\/p>\n<p>Estados Unidos -considerado aqu\u00ed el culpable del caos que vive la naci\u00f3n caribe\u00f1a- envi\u00f3 ingenios tipo MaxxPro.<\/p>\n<p>Fuentes militares se\u00f1alan que el International MaxxPro es un veh\u00edculo de ruedas blindado para transporte de personal, el cual est\u00e1 protegido contra las minas y emboscadas.<\/p>\n<p>Este se comenz\u00f3 a fabricar en 2007 y es muy utilizado por el Cuerpo de Marines de Estados Unidos, pero ya los pandilleros tienen planeado acabar con todo ese parque motorizado.<\/p>\n<p>arc\/joe<\/p>\n<\/div>\n<\/div>\n","protected":false},"excerpt":{"rendered":"<p>Puerto Pr\u00edncipe, 26 ago (Prensa Latina) La coalici\u00f3n de pandillas que mantiene en jaque a&hellip;<\/p>\n","protected":false},"author":2,"featured_media":74818,"comment_status":"closed","ping_status":"closed","sticky":false,"template":"","format":"standard","meta":{"footnotes":""},"categories":[52,53],"tags":[],"class_list":["post-74820","post","type-post","status-publish","format-standard","has-post-thumbnail","hentry","category-internacionales","category-prensa-latina"],"_links":{"self":[{"href":"https:\/\/eldiarioantillano.com\/uno\/wp-json\/wp\/v2\/posts\/74820","targetHints":{"allow":["GET"]}}],"collection":[{"href":"https:\/\/eldiarioantillano.com\/uno\/wp-json\/wp\/v2\/posts"}],"about":[{"href":"https:\/\/eldiarioantillano.com\/uno\/wp-json\/wp\/v2\/types\/post"}],"author":[{"embeddable":true,"href":"https:\/\/eldiarioantillano.com\/uno\/wp-json\/wp\/v2\/users\/2"}],"replies":[{"embeddable":true,"href":"https:\/\/eldiarioantillano.com\/uno\/wp-json\/wp\/v2\/comments?post=74820"}],"version-history":[{"count":1,"href":"https:\/\/eldiarioantillano.com\/uno\/wp-json\/wp\/v2\/posts\/74820\/revisions"}],"predecessor-version":[{"id":74821,"href":"https:\/\/eldiarioantillano.com\/uno\/wp-json\/wp\/v2\/posts\/74820\/revisions\/74821"}],"wp:featuredmedia":[{"embeddable":true,"href":"https:\/\/eldiarioantillano.com\/uno\/wp-json\/wp\/v2\/media\/74818"}],"wp:attachment":[{"href":"https:\/\/eldiarioantillano.com\/uno\/wp-json\/wp\/v2\/media?parent=74820"}],"wp:term":[{"taxonomy":"category","embeddable":true,"href":"https:\/\/eldiarioantillano.com\/uno\/wp-json\/wp\/v2\/categories?post=74820"},{"taxonomy":"post_tag","embeddable":true,"href":"https:\/\/eldiarioantillano.com\/uno\/wp-json\/wp\/v2\/tags?post=74820"}],"curies":[{"name":"wp","href":"https:\/\/api.w.org\/{rel}","templated":true}]}}