{"id":74798,"date":"2025-08-24T19:37:24","date_gmt":"2025-08-24T23:37:24","guid":{"rendered":"https:\/\/eldiarioantillano.com\/uno\/?p=74798"},"modified":"2025-08-24T19:37:24","modified_gmt":"2025-08-24T23:37:24","slug":"periodico-chileno-el-siglo-alerta-sobre-planes-de-ee-uu-en-la-region","status":"publish","type":"post","link":"https:\/\/eldiarioantillano.com\/uno\/2025\/08\/24\/periodico-chileno-el-siglo-alerta-sobre-planes-de-ee-uu-en-la-region\/","title":{"rendered":"Peri\u00f3dico chileno El Siglo alerta sobre planes de EE. UU. en la regi\u00f3n"},"content":{"rendered":"<div class=\"elementor-element elementor-element-5a38e61 e-flex e-con-boxed e-con e-child\" data-id=\"5a38e61\" data-element_type=\"container\">\n<div class=\"e-con-inner\">\n<div class=\"elementor-element elementor-element-d2a4feb elementor-widget elementor-widget-theme-post-excerpt\" data-id=\"d2a4feb\" data-element_type=\"widget\" data-widget_type=\"theme-post-excerpt.default\">\n<div class=\"elementor-widget-container\">Santiago de Chile, 23 ago (Prensa Latina) El peri\u00f3dico chileno El Siglo alerta hoy sobre el peligro que representa para la regi\u00f3n el anuncio de Estados Unidos de desplegar naves militares y marines en el Caribe y otras amenazas hacia Am\u00e9rica Latina.<\/div>\n<div><\/div>\n<\/div>\n<\/div>\n<\/div>\n<div class=\"elementor-element elementor-element-f5ec5bf e-flex e-con-boxed e-con e-child\" data-id=\"f5ec5bf\" data-element_type=\"container\">\n<div class=\"e-con-inner\">\n<p>\u201cMucho ojo con acciones y declaraciones de EE. EE. UU. sobre la regi\u00f3n\u201d, es el t\u00edtulo de un editorial publicado este s\u00e1bado, el cual advierte que en las \u00faltimas semanas se produjeron episodios y declaraciones desde entidades oficiales de ese pa\u00eds que no se deben pasar por alto.<\/p>\n<p>La publicaci\u00f3n menciona las advertencias del jefe del Comando Sur, Alvin Holsey, sobre la necesidad de controlar el Estrecho de Magallanes, la excusa del combate al crimen organizado para meter tropas en territorio de otras naciones y la \u201crecompensa\u201d por ayudar a la captura del presidente de Venezuela.<\/p>\n<p>Se\u00f1ala tambi\u00e9n la subida de los aranceles para afectar a pa\u00edses latinoamericanos, el aumento de las medidas unilaterales contra Cuba y el asedio contra M\u00e9xico, hechos que marcan la agenda del gobierno norteamericano en la regi\u00f3n.<\/p>\n<p>\u201cVuelve a ser evidente que las pol\u00edticas de Estados Unidos hacia el continente son amenazantes, da\u00f1inas, interventoras y desestabilizadoras\u201d, se\u00f1ala el editorial.<\/p>\n<p>El peri\u00f3dico afirma que ese comportamiento puede traer graves consecuencias para Am\u00e9rica Latina y el Caribe y en estos momentos genera mucha tensi\u00f3n y preocupaci\u00f3n.<\/p>\n<p>El Siglo llama a los gobiernos, las Fuerzas Armadas, las fuerzas democr\u00e1ticas y los movimientos sociales a estar atentos ante estas acciones para no caer en actitudes ingenuas, pasivas y d\u00f3ciles.<\/p>\n<p>Se requiere levantar posiciones de rechazo y enfrentamiento frente a lo que est\u00e1 haciendo Estados Unidos contra la regi\u00f3n, concluye el editorial.<\/p>\n<p>arc\/car<\/p>\n<\/div>\n<\/div>\n<div class=\"elementor-element elementor-element-80c8584 elementor-mobile-align-left elementor-widget elementor-widget-post-info\" data-id=\"80c8584\" data-element_type=\"widget\" data-widget_type=\"post-info.default\">\n<div class=\"elementor-widget-container\">\n<p>&nbsp;<\/p>\n<\/div>\n<\/div>\n","protected":false},"excerpt":{"rendered":"<p>Santiago de Chile, 23 ago (Prensa Latina) El peri\u00f3dico chileno El Siglo alerta hoy sobre&hellip;<\/p>\n","protected":false},"author":2,"featured_media":68830,"comment_status":"closed","ping_status":"closed","sticky":false,"template":"","format":"standard","meta":{"footnotes":""},"categories":[52,53],"tags":[],"class_list":["post-74798","post","type-post","status-publish","format-standard","has-post-thumbnail","hentry","category-internacionales","category-prensa-latina"],"_links":{"self":[{"href":"https:\/\/eldiarioantillano.com\/uno\/wp-json\/wp\/v2\/posts\/74798","targetHints":{"allow":["GET"]}}],"collection":[{"href":"https:\/\/eldiarioantillano.com\/uno\/wp-json\/wp\/v2\/posts"}],"about":[{"href":"https:\/\/eldiarioantillano.com\/uno\/wp-json\/wp\/v2\/types\/post"}],"author":[{"embeddable":true,"href":"https:\/\/eldiarioantillano.com\/uno\/wp-json\/wp\/v2\/users\/2"}],"replies":[{"embeddable":true,"href":"https:\/\/eldiarioantillano.com\/uno\/wp-json\/wp\/v2\/comments?post=74798"}],"version-history":[{"count":1,"href":"https:\/\/eldiarioantillano.com\/uno\/wp-json\/wp\/v2\/posts\/74798\/revisions"}],"predecessor-version":[{"id":74799,"href":"https:\/\/eldiarioantillano.com\/uno\/wp-json\/wp\/v2\/posts\/74798\/revisions\/74799"}],"wp:featuredmedia":[{"embeddable":true,"href":"https:\/\/eldiarioantillano.com\/uno\/wp-json\/wp\/v2\/media\/68830"}],"wp:attachment":[{"href":"https:\/\/eldiarioantillano.com\/uno\/wp-json\/wp\/v2\/media?parent=74798"}],"wp:term":[{"taxonomy":"category","embeddable":true,"href":"https:\/\/eldiarioantillano.com\/uno\/wp-json\/wp\/v2\/categories?post=74798"},{"taxonomy":"post_tag","embeddable":true,"href":"https:\/\/eldiarioantillano.com\/uno\/wp-json\/wp\/v2\/tags?post=74798"}],"curies":[{"name":"wp","href":"https:\/\/api.w.org\/{rel}","templated":true}]}}