{"id":74790,"date":"2025-08-24T00:00:43","date_gmt":"2025-08-24T04:00:43","guid":{"rendered":"https:\/\/eldiarioantillano.com\/uno\/?p=74790"},"modified":"2025-08-23T23:04:19","modified_gmt":"2025-08-24T03:04:19","slug":"militares-1j4-y-bosch-en-frontera-imperial","status":"publish","type":"post","link":"https:\/\/eldiarioantillano.com\/uno\/2025\/08\/24\/militares-1j4-y-bosch-en-frontera-imperial\/","title":{"rendered":"Militares, 1J4 y Bosch en frontera imperial"},"content":{"rendered":"<p>ART\u00cdCULO INVITADO<\/p>\n<p>Por Amaurys P\u00e9rez Vargas<\/p>\n<p><strong>A Ren\u00e9 Fortunato, por su invaluable labor y el respeto a la memoria de Manolo y el 1J4.<\/strong><\/p>\n<p>La muerte de\u00a0<strong>Ren\u00e9 Fortunato<\/strong>\u00a0constituye una sensible p\u00e9rdida para los que trabajamos por el rescate de la memoria hist\u00f3rica del pueblo dominicano sobre su pasado reciente. Su profesionalidad en el \u00e1mbito historiogr\u00e1fico es un tema que amerita ser abordado en profundidad para que se pueda comprender mejor el valor de sus documentales y, por ende, el aporte a nuestra sociedad desde el punto de vista educativo. En efecto, si tomamos como ejemplo el documental Bosch: Presidente en la frontera imperial, podemos apreciar c\u00f3mo Ren\u00e9 Fortunato se alej\u00f3 de la visi\u00f3n psicologista que formularon los m\u00e1ximos representantes del imperialismo en el pa\u00eds, entre ellos\u00a0<strong>Bernard D. Collier<\/strong>, corresponsal para Am\u00e9rica Latina del New York Herald Tribune, quien intent\u00f3 explicar la situaci\u00f3n pol\u00edtica en el pa\u00eds durante esa etapa, a partir de ciertos rasgos en la personalidad de Juan Bosch.<\/p>\n<div class=\"col-12 text-center\">\n<p id=\"0a208dfe-a67c-42a0-8b16-c9aa359ceb12\">En efecto, lejos de adentrarse en el temperamento del presidente, Fortunato inscribi\u00f3 su narrativa sobre el golpe de Estado en las estructuras geopol\u00edticas, ideol\u00f3gicas, econ\u00f3micas y sociales de la sociedad dominicana de 1963. As\u00ed pues, el documental expuso la tenaz oposici\u00f3n que sufri\u00f3 el gobierno del PRD por parte de las principales familias de la oligarqu\u00eda criolla, resaltando la importancia que jugaron las \u00e9lites econ\u00f3micas y los sectores de poder en la trama golpista. De igual forma, se aprecia el esfuerzo desplegado por el gobierno de los Estados Unidos, espec\u00edficamente durante la administraci\u00f3n del presidente <strong>John F. Kennedy<\/strong>, en materia de cooperaci\u00f3n militar, tecnol\u00f3gica, pol\u00edtica y econ\u00f3mica para contener la denominada \u201csubversi\u00f3n\u201d. Desde esta perspectiva, el laureado cineasta inscribi\u00f3 el proceso socio-hist\u00f3rico dominicano dentro de un marco mucho m\u00e1s amplio que envolvi\u00f3 a los pueblos de Am\u00e9rica Latina y el Caribe.<\/p>\n<\/div>\n<p>En ese orden, Fortunato no solo se\u00f1al\u00f3 la serie de golpes de Estado que se llevaron a cabo entre 1961 y 1963, sino que expuso su relaci\u00f3n directa con la Escuela de las Am\u00e9ricas, poniendo tambi\u00e9n en evidencia la posici\u00f3n asumida por la Organizaci\u00f3n de Estados Americanos, OEA, convertida desde entonces, seg\u00fan el dirigente catorcista Jos\u00e9 Espaillat, en un verdadero \u201cMinisterio de Colonias\u201d. Ante el complejo panorama que se iba desarrollando, el 14 de Junio entendi\u00f3 que deb\u00eda asumir un m\u00e9todo de lucha c\u00f3mo necesidad operativa para enfrentar las dificultades propias de un movimiento revolucionario. En el editorial de El 1J4 del 14 de febrero de 1962 titulado \u201cLos Peligros Reales Que Acechan a Nuestro Pueblo\u201d, se expone que \u201cmientras se tienda una cortina de humo con el argumento Trujilllista del \u201ccomunismo\u201d y del \u201cextremismo\u201d est\u00e1n ocurriendo en nuestro pa\u00eds una serie de acontecimientos que son los que verdaderamente ponen en peligro el presente y el futuro econ\u00f3mico-pol\u00edtico de la Rep\u00fablica\u201d.<\/p>\n<p>Entre esos acontecimientos, subrayados en el referido escrito, se aprecia la preocupaci\u00f3n que les provocaba en el plano militar: \u201cLa presencia de una misi\u00f3n militar norteamericana en el pa\u00eds\u201d. Para la dirigencia catorcista, no hab\u00eda dudas de que la CIA ten\u00eda sus ojos puestos en la Rep\u00fablica Dominicana tanto por la proximidad geogr\u00e1fica con Cuba como por la historia reciente de lucha antitrujillista. Siguiendo lo que nos muestra Fortunato, es imposible que los principales dirigentes de la organizaci\u00f3n verde y negra desconocieran la asesor\u00eda que proporcionaban los estadounidenses a los militares dominicanos en t\u00e9cnicas antiguerrilla y contrainsurgencia. Hab\u00eda conciencia de que una derrota de los sectores progresistas, revolucionarios y de los militares honestos, acarrear\u00eda que \u201cel pueblo dominicano continuar\u00eda siendo gobernado y explotado por una minor\u00eda privilegiada\u201d y que \u201cel movimiento obrero y estudiantil perdieran su posici\u00f3n de vanguardia en la lucha por las reivindicaciones del pueblo dominicano\u201d, entre otras realidades.<\/p>\n<p>Ciertamente, el partido liderado por\u00a0<strong>Manolo Tav\u00e1rez<\/strong>\u00a0se caracteriz\u00f3 desde el primer momento por el combate frontal contra los trujillistas, dando la pelea cuerpo a cuerpo en las calles contra sus remanentes hasta lograr la salida del pa\u00eds de Ramfis y sus familiares en noviembre de 1961. Posteriormente, se radicalizaron sus contradicciones con la Uni\u00f3n C\u00edvica Nacional, UCN, a la que El 1J4 le enrostr\u00f3 en su mencionado editorial, la \u201cnegativa del Consejo de Estado a destrujillizar los cuerpos armados y las instituciones civiles\u201d. Sobre el particular, Juan Bosch explica que en las elecciones de 1962 \u201clos altos mandos le tem\u00edan a la UCN en el poder porque UCN hab\u00eda sido decisiva en la lucha contra Ramfis Trujillo y ellos hab\u00edan sido c\u00f3mplices y sostenedores de Ramfis; pero en 1963, la UCN estaba asociada a ellos en los planes golpistas\u201d.<\/p>\n<p>De manera espec\u00edfica, la primera denuncia p\u00fablica contra el golpe se formul\u00f3 el 17 de marzo de 1963, apenas tres semanas despu\u00e9s de Juan Bosch haber asumido el poder, tal como se consign\u00f3 en la portada del peri\u00f3dico El Caribe donde sali\u00f3 una nota de prensa en la que se indicaba que La Agrupaci\u00f3n Pol\u00edtica 14 de Junio reiter\u00f3 su denuncia sobre la existencia de \u201cuna trama golpista encabezada por los partidos pol\u00edticos ultraconservadores\u201d. As\u00ed pues, en el texto se refleja de manera clara la idea que ten\u00edan sobre los sectores empresariales y eclesi\u00e1sticos, los cuales, a juicio de los catorcistas, no permitir\u00edan un gobierno democr\u00e1tico y mucho menos tolerar\u00edan la amenaza que representaba un proyecto pol\u00edtico del 1J4 en nuestra sociedad. Es en ese contexto que tiene lugar el conato de golpe de Estado en San Isidro, el 13 de julio de 1963, cuando un grupo de oficiales reunidos en la Aviaci\u00f3n fue a decirle al presidente Bosch que pod\u00eda contar con ellos en cualquier medida que tomara contra los catorcistas. Ante esa situaci\u00f3n, nos se\u00f1ala Bosch, en el libro autobiogr\u00e1fico editado por Mat\u00edas Bosch titulado Prefiero vivir luchando, que \u00e9l jug\u00f3 \u201cla carta que ten\u00eda, la carta pol\u00edtica, porque no contaba ni con una fuerza militar leal, comandada por generales leales, ni con un partido en capacidad de contrarrestar un golpe de Estado\u201d.\u00a0Estaba llevando a los militares contra las cuerdas con mi capacidad de presi\u00f3n pol\u00edtica\u201d. Para ese momento, agrega Bosch \u201clos tutumpotes c\u00edvicos hab\u00edan perdido la batalla de los trucos legales: entonces se dedicaron con toda el alma a echar las bases pol\u00edticas del golpe de Estado que lograron dar, al fin, en septiembre de 1963\u201d. En la pr\u00f3xima entrega abordaremos la reacci\u00f3n del 1j4 y el PRD tras el golpe de Estado de 1963.<\/p>\n<p>Reproducido de hoy.com.do<\/p>\n","protected":false},"excerpt":{"rendered":"<p>ART\u00cdCULO INVITADO Por Amaurys P\u00e9rez Vargas A Ren\u00e9 Fortunato, por su invaluable labor y el&hellip;<\/p>\n","protected":false},"author":2,"featured_media":69028,"comment_status":"closed","ping_status":"closed","sticky":false,"template":"","format":"standard","meta":{"footnotes":""},"categories":[66,55],"tags":[],"class_list":["post-74790","post","type-post","status-publish","format-standard","has-post-thumbnail","hentry","category-articulo-invitado","category-nacionales"],"_links":{"self":[{"href":"https:\/\/eldiarioantillano.com\/uno\/wp-json\/wp\/v2\/posts\/74790","targetHints":{"allow":["GET"]}}],"collection":[{"href":"https:\/\/eldiarioantillano.com\/uno\/wp-json\/wp\/v2\/posts"}],"about":[{"href":"https:\/\/eldiarioantillano.com\/uno\/wp-json\/wp\/v2\/types\/post"}],"author":[{"embeddable":true,"href":"https:\/\/eldiarioantillano.com\/uno\/wp-json\/wp\/v2\/users\/2"}],"replies":[{"embeddable":true,"href":"https:\/\/eldiarioantillano.com\/uno\/wp-json\/wp\/v2\/comments?post=74790"}],"version-history":[{"count":1,"href":"https:\/\/eldiarioantillano.com\/uno\/wp-json\/wp\/v2\/posts\/74790\/revisions"}],"predecessor-version":[{"id":74791,"href":"https:\/\/eldiarioantillano.com\/uno\/wp-json\/wp\/v2\/posts\/74790\/revisions\/74791"}],"wp:featuredmedia":[{"embeddable":true,"href":"https:\/\/eldiarioantillano.com\/uno\/wp-json\/wp\/v2\/media\/69028"}],"wp:attachment":[{"href":"https:\/\/eldiarioantillano.com\/uno\/wp-json\/wp\/v2\/media?parent=74790"}],"wp:term":[{"taxonomy":"category","embeddable":true,"href":"https:\/\/eldiarioantillano.com\/uno\/wp-json\/wp\/v2\/categories?post=74790"},{"taxonomy":"post_tag","embeddable":true,"href":"https:\/\/eldiarioantillano.com\/uno\/wp-json\/wp\/v2\/tags?post=74790"}],"curies":[{"name":"wp","href":"https:\/\/api.w.org\/{rel}","templated":true}]}}