{"id":74787,"date":"2025-08-24T00:00:53","date_gmt":"2025-08-24T04:00:53","guid":{"rendered":"https:\/\/eldiarioantillano.com\/uno\/?p=74787"},"modified":"2025-08-23T22:59:52","modified_gmt":"2025-08-24T02:59:52","slug":"dos-claves-para-el-equilibrio-mental","status":"publish","type":"post","link":"https:\/\/eldiarioantillano.com\/uno\/2025\/08\/24\/dos-claves-para-el-equilibrio-mental\/","title":{"rendered":"Dos claves para el equilibrio mental"},"content":{"rendered":"<p style=\"text-align: left;\" align=\"center\">Por N\u00c9STOR EST\u00c9VEZ<\/p>\n<div><\/div>\n<p>El equilibrio mental se ha vuelto mucho m\u00e1s que un \u201cart\u00edculo de primera necesidad\u201d: es una urgencia evidente. Conflictos por nimiedades, niveles de irritabilidad exagerados y hasta muertes que solo duelen cuando tocan de cerca son s\u00edntomas de una sociedad con marcado desequilibrio.<\/p>\n<p>Aunque especialistas de la conducta hacen lo posible y la investigaci\u00f3n avanza, desde la comunicaci\u00f3n cotidiana y la incidencia que tienen los est\u00edmulos a los que nos exponemos, podemos encontrar claves sencillas y efectivas para mejorar nuestro bienestar mental.<\/p>\n<p>Vivimos una etapa en la que pasamos gran parte del d\u00eda frente a pantallas: computadoras, celulares y tabletas. Mucha gente alega que lo hace por razones de trabajo. Pero lo real es que son muchos los recursos tecnol\u00f3gicos que usan para desviar nuestra atenci\u00f3n de lo esencial. Si revisamos bien, resulta sumamente f\u00e1cil perder el tiempo con lo que nos llega a trav\u00e9s de pantallas.<\/p>\n<p>Y para completar el cuadro, la modernidad nos empuja a un ritmo acelerado y a vivir cada vez m\u00e1s lejos de parques, r\u00edos o montes. Connotados estudiosos advierten que esta combinaci\u00f3n \u2014muchas pantallas y poca naturaleza\u2014 deteriora nuestra salud mental sin que lo notemos.<\/p>\n<p><b>\u00bfQu\u00e9 dice la ciencia?<\/b><\/p>\n<p>En\u00a0<a href=\"https:\/\/www.researchgate.net\/publication\/385588630_Desconexion_digital_su_evaluacion_y_relacion_con_la_salud_Un_estudio_exploratorio_en_Docentes_Universitarios_Digital_disconnection_its_evaluation_and_relationship_with_health_An_exploratory_study_in_U\" target=\"_blank\" rel=\"nofollow noopener\" data-saferedirecturl=\"https:\/\/www.google.com\/url?q=https:\/\/www.researchgate.net\/publication\/385588630_Desconexion_digital_su_evaluacion_y_relacion_con_la_salud_Un_estudio_exploratorio_en_Docentes_Universitarios_Digital_disconnection_its_evaluation_and_relationship_with_health_An_exploratory_study_in_U&amp;source=gmail&amp;ust=1756090582743000&amp;usg=AOvVaw2EmWCjCHwQM9RLbSX5EqCW\">un estudio<\/a>\u00a0realizado en M\u00e9xico hallaron que quienes no logran \u201cdesconectarse\u201d del tel\u00e9fono despu\u00e9s del trabajo presentan m\u00e1s estr\u00e9s, ansiedad y depresi\u00f3n. La raz\u00f3n es sencilla: estar rodeados de notificaciones exige atenci\u00f3n constante, y con el tiempo, el cerebro se agota y rinde menos.<\/p>\n<p>Algo parecido se\u00f1alan investigadores espa\u00f1oles: en una\u00a0<a href=\"https:\/\/scielo.isciii.es\/scielo.php?pid=S1578-84232022000200006&amp;script=sci_arttext\" target=\"_blank\" rel=\"nofollow noopener\" data-saferedirecturl=\"https:\/\/www.google.com\/url?q=https:\/\/scielo.isciii.es\/scielo.php?pid%3DS1578-84232022000200006%26script%3Dsci_arttext&amp;source=gmail&amp;ust=1756090582743000&amp;usg=AOvVaw18vU5LXmPVtNNk9jHFBkvg\">revisi\u00f3n sistem\u00e1tica<\/a>\u00a0de ocho ensayos cl\u00ednicos concluyeron que la actividad f\u00edsica al aire libre (caminar, correr, montar bicicleta) mejora el \u00e1nimo y reduce el estr\u00e9s m\u00e1s que hacerlo en interiores.<\/p>\n<p>Y un tercer referente es el de\u00a0<a href=\"https:\/\/p3.usal.edu.ar\/index.php\/psicol\/article\/view\/7248\" target=\"_blank\" rel=\"nofollow noopener\" data-saferedirecturl=\"https:\/\/www.google.com\/url?q=https:\/\/p3.usal.edu.ar\/index.php\/psicol\/article\/view\/7248&amp;source=gmail&amp;ust=1756090582743000&amp;usg=AOvVaw0mj2CsTmXPqIyswiemXWDE\">investigadores argentinos<\/a> que realizaron un estudio con teletrabajadores. Estos estudiosos encontraron que quienes se dan peque\u00f1os \u201crespiros\u201d de naturaleza muestran m\u00e1s emociones positivas durante la jornada. En la misma l\u00ednea, la investigaci\u00f3n mexicana propone reconocer la \u201cdesconexi\u00f3n digital\u201d como un derecho laboral.<\/p>\n<p>Tres pa\u00edses, tres contextos distintos, una misma conclusi\u00f3n: necesitamos menos pantallas y m\u00e1s contacto con la naturaleza.<\/p>\n<p>&nbsp;<\/p>\n<p><b>Dos pasos pr\u00e1cticos<\/b><\/p>\n<p>A partir de esos hallazgos, dos simples acciones ayudan a mejorar y mantener el equilibrio mental:<\/p>\n<p>1.\u00a0<b>Pausas verdes:<\/b>\u00a0dos veces al d\u00eda, durante quince minutos, salir de la casa o la oficina y buscar un lugar con vegetaci\u00f3n: un parque, un patio con plantas o una acera arbolada. Caminar, hacer estiramientos suaves o simplemente observar el entorno permite que la vista y la mente descansen en algo vivo, no en una pantalla.<\/p>\n<p>2.\u00a0<b>Desconexi\u00f3n digital:<\/b>\u00a0fijar una hora l\u00edmite para el uso de dispositivos. Desde ese momento, el celular debe quedar en \u201cmodo avi\u00f3n\u201d o fuera de la habitaci\u00f3n. La idea es sustituirlo por lectura, conversaci\u00f3n o tareas como cocinar, ordenar o planear la siguiente pausa verde.<\/p>\n<p><b>Cuatro razones para empezar hoy mismo<\/b><\/p>\n<p>Recordemos: quien quiere, encuentra un medio; quien no quiere, encuentra excusas. Pero la ciencia ofrece razones claras para empezar:<\/p>\n<p>* Los entornos naturales permiten que el cerebro se relaje sin esfuerzo (teor\u00eda de la restauraci\u00f3n de la atenci\u00f3n).<\/p>\n<p>* Al silenciar el tel\u00e9fono, evitamos que las notificaciones disparen la hormona del estr\u00e9s.<\/p>\n<p>* Caminar bajo el sol regula el reloj biol\u00f3gico y mejora el sue\u00f1o.<\/p>\n<p>* Es f\u00e1cil de recordar: 15-15-fuera, que consiste en quince minutos de verde en la ma\u00f1ana, quince en la tarde, y fuera de l\u00ednea al acabar la jornada.<\/p>\n<p><b>Verde y silencio: medicinas al alcance de todos<\/b><\/p>\n<p>No necesitamos vacaciones en la selva para cuidar la mente. Bastan dos escapadas diarias a la naturaleza y un corte claro con las pantallas al terminar la jornada. Pausas verdes y \u201cdetox\u201d digital son simples, gratuitas y est\u00e1n al alcance de cualquiera.<\/p>\n<p>Al fin y al cabo, no se trata de transformar la vida de golpe, sino de peque\u00f1os gestos diarios capaces de devolvernos la calma y la claridad que tanto necesitamos. Verde y silencio: dos medicinas naturales al alcance de todos.<\/p>\n","protected":false},"excerpt":{"rendered":"<p>Por N\u00c9STOR EST\u00c9VEZ El equilibrio mental se ha vuelto mucho m\u00e1s que un \u201cart\u00edculo de&hellip;<\/p>\n","protected":false},"author":2,"featured_media":66757,"comment_status":"closed","ping_status":"closed","sticky":false,"template":"","format":"standard","meta":{"footnotes":""},"categories":[143,51],"tags":[],"class_list":["post-74787","post","type-post","status-publish","format-standard","has-post-thumbnail","hentry","category-nestor-estevez","category-opinion"],"_links":{"self":[{"href":"https:\/\/eldiarioantillano.com\/uno\/wp-json\/wp\/v2\/posts\/74787","targetHints":{"allow":["GET"]}}],"collection":[{"href":"https:\/\/eldiarioantillano.com\/uno\/wp-json\/wp\/v2\/posts"}],"about":[{"href":"https:\/\/eldiarioantillano.com\/uno\/wp-json\/wp\/v2\/types\/post"}],"author":[{"embeddable":true,"href":"https:\/\/eldiarioantillano.com\/uno\/wp-json\/wp\/v2\/users\/2"}],"replies":[{"embeddable":true,"href":"https:\/\/eldiarioantillano.com\/uno\/wp-json\/wp\/v2\/comments?post=74787"}],"version-history":[{"count":1,"href":"https:\/\/eldiarioantillano.com\/uno\/wp-json\/wp\/v2\/posts\/74787\/revisions"}],"predecessor-version":[{"id":74788,"href":"https:\/\/eldiarioantillano.com\/uno\/wp-json\/wp\/v2\/posts\/74787\/revisions\/74788"}],"wp:featuredmedia":[{"embeddable":true,"href":"https:\/\/eldiarioantillano.com\/uno\/wp-json\/wp\/v2\/media\/66757"}],"wp:attachment":[{"href":"https:\/\/eldiarioantillano.com\/uno\/wp-json\/wp\/v2\/media?parent=74787"}],"wp:term":[{"taxonomy":"category","embeddable":true,"href":"https:\/\/eldiarioantillano.com\/uno\/wp-json\/wp\/v2\/categories?post=74787"},{"taxonomy":"post_tag","embeddable":true,"href":"https:\/\/eldiarioantillano.com\/uno\/wp-json\/wp\/v2\/tags?post=74787"}],"curies":[{"name":"wp","href":"https:\/\/api.w.org\/{rel}","templated":true}]}}