{"id":74785,"date":"2025-08-23T00:10:09","date_gmt":"2025-08-23T04:10:09","guid":{"rendered":"https:\/\/eldiarioantillano.com\/uno\/?p=74785"},"modified":"2025-08-22T23:56:19","modified_gmt":"2025-08-23T03:56:19","slug":"balance-de-cinco-anos-y-objetividad","status":"publish","type":"post","link":"https:\/\/eldiarioantillano.com\/uno\/2025\/08\/23\/balance-de-cinco-anos-y-objetividad\/","title":{"rendered":"Balance de cinco a\u00f1os y objetividad"},"content":{"rendered":"<p style=\"text-align: left;\" align=\"center\">Por C\u00c9SAR P\u00c9REZ<\/p>\n<p align=\"justify\"><span style=\"font-family: Arial, serif;\">Siempre he dicho que los dominicanos tendemos a ser extremistas, que no es lo mismo que ser radicales. Ser radical es ir a la ra\u00edz del asunto, lo cual implica establecer matices que, por ser tales, no dejan de ser parte esencial de la cuesti\u00f3n. Ser extremista es tender hacia lo absoluto y en los fen\u00f3menos sociales o pol\u00edticos nada es absoluto, todo tiende hacia lo relativo. Esto, a prop\u00f3sito del balance que, sobre los cinco a\u00f1os de la presente administraci\u00f3n, hacen tanto la oposici\u00f3n en sus diversas vertientes, como el gobierno. En su balance, la oposici\u00f3n hace tabla rasa descalificando de forma inapelable las ejecutorias del gobierno. Este se defiende recurriendo a n\u00fameros comparativos para evidenciar sus logros con relaci\u00f3n a administraciones anteriores. En sus alegatos, ninguno establece matices.<\/span><\/p>\n<p align=\"justify\"><span style=\"font-family: Arial, serif;\">Aclaro, objetividad no es sin\u00f3nimo de imparcialidad, jam\u00e1s he sido ni ser\u00e9 imparcial. Siempre tomo parte. Pero creo que, en el an\u00e1lisis de un fen\u00f3meno social o pol\u00edtico, que generalmente son complejos, no establecer la existencia de los matices no solo dificulta el establecimiento de la realidad del fen\u00f3meno de que se trate en su justa dimensi\u00f3n, sino que puede conducir a actitudes subjetivas o yerros de lamentables consecuencias. El gobierno da sus n\u00fameros como balance de lo que dice que ha sido su desempe\u00f1o durante cinco a\u00f1os. Con ellos, quiere destacar un desempe\u00f1o altamente positivo de su gesti\u00f3n, al tiempo de utilizar la comparaci\u00f3n como m\u00e9todo para establecer que como administraci\u00f3n ha sido superior a las que les han antecedido. Entre otros de mucha relevancia, destacan los siguientes.<\/span><\/p>\n<p align=\"justify\"><span style=\"font-family: Arial, serif;\">Un incremento de la esperanza de vida, de 73.3 en 2016 a 75.1 en el 2024; 2.5 millones de nuevos afiliados a la seguridad social, de 15.1 m\u00e9dicos por 100 000 habitantes en el 2019 a 23.5 en el 2025. Incremento de la cobertura de los medicamentos de alto costo, 2.747 a 8.334; un sustancial descenso de la inseguridad ciudadana, pues si en el 2012 la tasa de homicidios era de 23.4, hoy se sit\u00faa en un 8.3, de las m\u00e1s bajas de toda la regi\u00f3n. El d\u00e9ficit habitacional era en 2018 de 32,2 y 27,6 en 2024. La pobreza monetaria era 25.7 en el 2019 y de 18.98 en el 2025; el salario m\u00ednimo real era de 248,2 d\u00f3lares en el 2019, pasando a 371.6 en el 2025, se han creado 154 000 empleos, m\u00e1s que los 110,000 del 2019. El turismo sigue su sostenido crecimiento, se ha avanzado en transparencia, pues de 104 de 180 pa\u00edses al 2024 el pa\u00eds mejor\u00f3 8 puntos y 33 posiciones desde 2020. <\/span><\/p>\n<p align=\"justify\"><span style=\"font-family: Arial, serif;\">En el rango de las econom\u00edas de la regi\u00f3n, la nuestra ascendi\u00f3 al s\u00e9ptimo lugar. Por consiguiente, cuando se afirma que el r\u00e9gimen tiene el pa\u00eds en bancarrota o que est\u00e1 como un carro con el motor fundido, como hacen sectores de la oposici\u00f3n y algunas bocinas, m\u00e1s que pobreza argumental, evidencian el cinismo o cretinismo pol\u00edticos con que generalmente estos se manejan. Una actitud que contribuye al descr\u00e9dito de los partidos y de muchos de sus dirigentes y a restarles credibilidad no solo a ellos, sino a la pol\u00edtica misma. Ignorar esos n\u00fameros es una insensatez. Para fines de informaci\u00f3n y de debate con la oposici\u00f3n, los n\u00fameros que exhibe el gobierno podr\u00edan ser suficientes. Pero, de cara al futuro, para hacer pol\u00edtica con objetividad es necesario considerar otros elementos de car\u00e1cter cualitativos <\/span><\/p>\n<p align=\"justify\"><span style=\"font-family: Arial, serif;\">En su balance, esta administraci\u00f3n destaca el buen clima para la inversi\u00f3n extranjera y del incremento de la cantidad de egresados de los centros educativos. Sin embargo, as\u00ed como fluye la inversi\u00f3n de capital extranjero hacia nuestra econom\u00eda, hay una sostenida fuga de capital social hacia el extranjero debido a la inexistencia de un clima moral con capacidad de retener sus talentos. Mueve a la reflexi\u00f3n la pobre valoraci\u00f3n que tiene la poblaci\u00f3n sobre el Congreso Nacional y los partidos; preguntarnos si en comparaci\u00f3n con otros tiempos hemos avanzado o retrocedido en el respeto a derechos inalienables de la mujer, de la ni\u00f1ez y de la poblaci\u00f3n de origen haitiano, si hay o no incremento de actitudes racistas que promueven delitos de odio, tensando nuestras relaciones con organismos internacionales de los que somos miembros y\/o signatarios de acuerdos. <\/span><\/p>\n<p align=\"justify\"><span style=\"font-family: Arial, serif;\">Ser conscientes de la existencia de una inflexi\u00f3n en nuestra cultura democr\u00e1tica, medida por el propio gobierno a trav\u00e9s de la encuesta hecha por el entonces Ministerio de Econom\u00eda, Planificaci\u00f3n y Desarrollo. De esa circunstancia no es ajeno el activismo de sectores ultraconservadores de procedencia y matrices ideol\u00f3gicas diversas. Recordemos el papel de esos sectores en la discusi\u00f3n, aprobaci\u00f3n y promulgaci\u00f3n del nuevo C\u00f3digo Penal. Son cuestiones por considerar al rendir cuentas del estado de situaci\u00f3n de la sociedad dominicana. De estos lastres no es responsable solo esta administraci\u00f3n, tambi\u00e9n es consecuencia de la inacci\u00f3n de tantos profesionales, intelectuales y acad\u00e9micos. Al igual que \u201c2 de cada 3 ciudadanos favorecen el reparto de empleos y contrataciones p\u00fablicas entre amigos y familiares de los cargos pol\u00edticos\u201d, etc.<\/span><\/p>\n<p align=\"justify\"><span style=\"font-family: Arial, serif;\">En definitiva, todo balance<\/span> <span style=\"font-family: Arial, serif;\">sin matices carece de objetividad. Sin ella, las acciones futuras ser\u00e1n esencialmente inconducentes. <\/span><\/p>\n","protected":false},"excerpt":{"rendered":"<p>Por C\u00c9SAR P\u00c9REZ Siempre he dicho que los dominicanos tendemos a ser extremistas, que no&hellip;<\/p>\n","protected":false},"author":2,"featured_media":63777,"comment_status":"closed","ping_status":"closed","sticky":false,"template":"","format":"standard","meta":{"footnotes":""},"categories":[71,55,51],"tags":[],"class_list":["post-74785","post","type-post","status-publish","format-standard","has-post-thumbnail","hentry","category-cesar-perez","category-nacionales","category-opinion"],"_links":{"self":[{"href":"https:\/\/eldiarioantillano.com\/uno\/wp-json\/wp\/v2\/posts\/74785","targetHints":{"allow":["GET"]}}],"collection":[{"href":"https:\/\/eldiarioantillano.com\/uno\/wp-json\/wp\/v2\/posts"}],"about":[{"href":"https:\/\/eldiarioantillano.com\/uno\/wp-json\/wp\/v2\/types\/post"}],"author":[{"embeddable":true,"href":"https:\/\/eldiarioantillano.com\/uno\/wp-json\/wp\/v2\/users\/2"}],"replies":[{"embeddable":true,"href":"https:\/\/eldiarioantillano.com\/uno\/wp-json\/wp\/v2\/comments?post=74785"}],"version-history":[{"count":1,"href":"https:\/\/eldiarioantillano.com\/uno\/wp-json\/wp\/v2\/posts\/74785\/revisions"}],"predecessor-version":[{"id":74786,"href":"https:\/\/eldiarioantillano.com\/uno\/wp-json\/wp\/v2\/posts\/74785\/revisions\/74786"}],"wp:featuredmedia":[{"embeddable":true,"href":"https:\/\/eldiarioantillano.com\/uno\/wp-json\/wp\/v2\/media\/63777"}],"wp:attachment":[{"href":"https:\/\/eldiarioantillano.com\/uno\/wp-json\/wp\/v2\/media?parent=74785"}],"wp:term":[{"taxonomy":"category","embeddable":true,"href":"https:\/\/eldiarioantillano.com\/uno\/wp-json\/wp\/v2\/categories?post=74785"},{"taxonomy":"post_tag","embeddable":true,"href":"https:\/\/eldiarioantillano.com\/uno\/wp-json\/wp\/v2\/tags?post=74785"}],"curies":[{"name":"wp","href":"https:\/\/api.w.org\/{rel}","templated":true}]}}