{"id":74781,"date":"2025-08-23T00:00:33","date_gmt":"2025-08-23T04:00:33","guid":{"rendered":"https:\/\/eldiarioantillano.com\/uno\/?p=74781"},"modified":"2025-08-22T23:48:33","modified_gmt":"2025-08-23T03:48:33","slug":"visteme-despacio","status":"publish","type":"post","link":"https:\/\/eldiarioantillano.com\/uno\/2025\/08\/23\/visteme-despacio\/","title":{"rendered":"\u201cV\u00edsteme despacio\u2026\u201d"},"content":{"rendered":"<p style=\"text-align: left;\" align=\"center\"><span style=\"font-family: Arial, serif;\"><span style=\"font-size: medium;\"><span lang=\"es-MX\">Por PATRICIA ARACHE<br \/>\n<\/span><\/span><\/span><span style=\"font-family: Arial, serif;\"><span style=\"font-size: medium;\">@patriciarache<\/span><\/span><\/p>\n<p align=\"center\">\n<p align=\"justify\"><span style=\"font-family: Arial, serif;\"><span style=\"font-size: medium;\">En la vor\u00e1gine de la vida moderna, la prisa se ha convertido en virtud. Se corre para decidir, para legislar, para consumir, para vivir y se olvida de que, a veces, la serenidad, la espera, la quietud son m\u00e1s significativas para el avance que la prisa alocada, desmedida, sin control.<\/span><\/span><\/p>\n<p align=\"justify\"><span style=\"font-family: Arial, serif;\"><span style=\"font-size: medium;\">La expresi\u00f3n \u201cla mejor forma de avanzar es deteni\u00e9ndose\u201d, o dicho en m\u00e1s dominicano: \u201cv\u00edsteme despacio que voy de prisa\u201d, cobra especial relevancia en un contexto donde las decisiones p\u00fablicas y privadas se toman con una velocidad que no siempre permite la reflexi\u00f3n.<\/span><\/span><\/p>\n<p align=\"justify\"><span style=\"font-family: Arial, serif;\"><span style=\"font-size: medium;\">En el \u00e1mbito gubernamental, la urgencia por mostrar resultados puede llevar a implementar pol\u00edticas sin estudios de impacto, sin di\u00e1logo social, sin considerar las realidades que envuelven el entorno.<\/span><\/span><\/p>\n<p align=\"justify\"><span style=\"font-family: Arial, serif;\"><span style=\"font-size: medium;\">En ocasiones, el aceleramiento se manifiesta de una manera tal que hasta se inauguran obras antes de terminar, se promete sin planificar, se decide sin la informaci\u00f3n, por lo cual no ha sido extra\u00f1o ver proyectos que nacen con muchos bombos y platillos, pero mueren en el olvido por falta de sostenibilidad.<\/span><\/span><\/p>\n<p align=\"justify\"><span style=\"font-family: Arial, serif;\"><span style=\"font-size: medium;\">La prisa institucional no solo erosiona la calidad de las decisiones, sino tambi\u00e9n la confianza ciudadana.<\/span><\/span><\/p>\n<p align=\"justify\"><span style=\"font-family: Arial, serif;\"><span style=\"font-size: medium;\">En lo personal, la cultura del \u201ctodo ahora\u201d puede empujar a tomar decisiones sin pausa: cambiar de trabajo, terminar relaciones, mudarse, emprender, gastar m\u00e1s de lo posible, pr\u00e1cticas que probablemente se estar\u00edan haciendo sin que medie ninguna convicci\u00f3n o conciencia de que sea necesario.<\/span><\/span><\/p>\n<p align=\"justify\"><span style=\"font-family: Arial, serif;\"><span style=\"font-size: medium;\">La inmediatez se ha vuelto una exigencia emocional, y eso trae como consecuencias, entre otras cosas, ansiedad, frustraci\u00f3n, arrepentimiento.<\/span><\/span><\/p>\n<p align=\"justify\"><span style=\"font-family: Arial, serif;\"><span style=\"font-size: medium;\">Detenerse no es debilidad. Es madurez. Es reconocer que el tiempo tambi\u00e9n es parte del proceso.<\/span><\/span><\/p>\n<p align=\"justify\"><span style=\"font-family: Arial, serif;\"><span style=\"font-size: medium;\">En estos tiempos, se vive bajo la ilusi\u00f3n de que todo lo que se pretende en la vida, como manifestaci\u00f3n social, \u00e9xito, amor, dinero, reconocimiento, debe obtenerse con prisa y se olvida de que lo profundo no se construye en velocidad, que la convivencia, la paz, la educaci\u00f3n, la justicia, la conciencia requieren tiempo, di\u00e1logo y paciencia.<\/span><\/span><\/p>\n<p align=\"justify\"><span style=\"font-family: Arial, serif;\"><span style=\"font-size: medium;\">Quiz\u00e1s el mayor acto de resistencia hoy sea pensar antes de actuar; escuchar antes de responder: planificar antes de ejecutar, porque, y se ha demostrado, en la pausa hay sabidur\u00eda, hay humanidad, hay futuro.<\/span><\/span><\/p>\n<p align=\"justify\">\u201c<span style=\"font-family: Arial, serif;\"><span style=\"font-size: medium;\">V\u00edsteme despacio que voy de prisa\u201d no es solo una expresi\u00f3n del refranero popular, es una filosof\u00eda de vida que invita a recuperar el valor del tiempo, de la reflexi\u00f3n, de la profundidad. En lo p\u00fablico y en lo privado, en lo cotidiano y en lo trascendente.<\/span><\/span><\/p>\n<p lang=\"es-MX\" align=\"justify\"><span style=\"font-family: Times New Roman, serif;\"><span style=\"font-size: medium;\"><span style=\"font-family: Arial, serif;\">En una sociedad m\u00e1s justa y consciente, el tiempo no se ve como enemigo, sino como aliado. Detenerse no es retroceder, es mirar con claridad. Es permitir que las decisiones p\u00fablicas se nutran de di\u00e1logo, que las pol\u00edticas se construyan con base en evidencia, que las acciones privadas se alineen con valores profundos.<\/span><\/span><\/span><\/p>\n<p lang=\"es-MX\" align=\"justify\"><span style=\"font-family: Times New Roman, serif;\"><span style=\"font-size: medium;\"><span style=\"font-family: Arial, serif;\">La prisa puede ser \u00fatil, pero no debe ser norma, porque cuando todo se hace corriendo, lo primero que se pierde es el sentido de las cosas y del entorno.<\/span><\/span><\/span><\/p>\n<p lang=\"es-MX\" align=\"justify\"><span style=\"font-family: Times New Roman, serif;\"><span style=\"font-size: medium;\"><span style=\"font-family: Arial, serif;\">As\u00ed, <\/span><em><span style=\"font-family: Arial, serif;\">v\u00edsteme despacio que voy de prisa<\/span><\/em><i> <\/i><span style=\"font-family: Arial, serif;\">no es solo una frase popular, sino, adem\u00e1s, una invitaci\u00f3n a construir desde la pausa, a transformar desde la reflexi\u00f3n, a avanzar sin atropellar. \u201cSin pausa, pero sin prisa\u201d, es una forma inteligente y efectiva para alcanzar objetivos.<\/span><\/span><\/span><\/p>\n<p lang=\"es-MX\" align=\"justify\">\n","protected":false},"excerpt":{"rendered":"<p>Por PATRICIA ARACHE @patriciarache En la vor\u00e1gine de la vida moderna, la prisa se ha&hellip;<\/p>\n","protected":false},"author":2,"featured_media":63965,"comment_status":"closed","ping_status":"closed","sticky":false,"template":"","format":"standard","meta":{"footnotes":""},"categories":[51,65],"tags":[],"class_list":["post-74781","post","type-post","status-publish","format-standard","has-post-thumbnail","hentry","category-opinion","category-patricia-arache"],"_links":{"self":[{"href":"https:\/\/eldiarioantillano.com\/uno\/wp-json\/wp\/v2\/posts\/74781","targetHints":{"allow":["GET"]}}],"collection":[{"href":"https:\/\/eldiarioantillano.com\/uno\/wp-json\/wp\/v2\/posts"}],"about":[{"href":"https:\/\/eldiarioantillano.com\/uno\/wp-json\/wp\/v2\/types\/post"}],"author":[{"embeddable":true,"href":"https:\/\/eldiarioantillano.com\/uno\/wp-json\/wp\/v2\/users\/2"}],"replies":[{"embeddable":true,"href":"https:\/\/eldiarioantillano.com\/uno\/wp-json\/wp\/v2\/comments?post=74781"}],"version-history":[{"count":1,"href":"https:\/\/eldiarioantillano.com\/uno\/wp-json\/wp\/v2\/posts\/74781\/revisions"}],"predecessor-version":[{"id":74782,"href":"https:\/\/eldiarioantillano.com\/uno\/wp-json\/wp\/v2\/posts\/74781\/revisions\/74782"}],"wp:featuredmedia":[{"embeddable":true,"href":"https:\/\/eldiarioantillano.com\/uno\/wp-json\/wp\/v2\/media\/63965"}],"wp:attachment":[{"href":"https:\/\/eldiarioantillano.com\/uno\/wp-json\/wp\/v2\/media?parent=74781"}],"wp:term":[{"taxonomy":"category","embeddable":true,"href":"https:\/\/eldiarioantillano.com\/uno\/wp-json\/wp\/v2\/categories?post=74781"},{"taxonomy":"post_tag","embeddable":true,"href":"https:\/\/eldiarioantillano.com\/uno\/wp-json\/wp\/v2\/tags?post=74781"}],"curies":[{"name":"wp","href":"https:\/\/api.w.org\/{rel}","templated":true}]}}