{"id":74681,"date":"2025-08-16T00:38:24","date_gmt":"2025-08-16T04:38:24","guid":{"rendered":"https:\/\/eldiarioantillano.com\/uno\/?p=74681"},"modified":"2025-08-16T21:09:02","modified_gmt":"2025-08-17T01:09:02","slug":"defienden-en-brasil-legado-humanitario-de-programa-mas-medicos","status":"publish","type":"post","link":"https:\/\/eldiarioantillano.com\/uno\/2025\/08\/16\/defienden-en-brasil-legado-humanitario-de-programa-mas-medicos\/","title":{"rendered":"Defienden en Brasil legado humanitario de programa M\u00e1s M\u00e9dicos"},"content":{"rendered":"<div class=\"elementor-element elementor-element-5a38e61 e-flex e-con-boxed e-con e-child\" data-id=\"5a38e61\" data-element_type=\"container\">\n<div class=\"e-con-inner\">\n<div class=\"elementor-element elementor-element-d2a4feb elementor-widget elementor-widget-theme-post-excerpt\" data-id=\"d2a4feb\" data-element_type=\"widget\" data-widget_type=\"theme-post-excerpt.default\">\n<p class=\"elementor-widget-container\">Brasilia,\u00a0 (Prensa Latina) La Asociaci\u00f3n Nacional de Cubanos Residentes en Brasil (Ancreb-Jos\u00e9 Mart\u00ed (JM) repudi\u00f3 las recientes acciones y declaraciones del gobierno de Estados Unidos contra el programa M\u00e1s M\u00e9dicos y las autoridades nacionales relacionadas con su implementaci\u00f3n.<\/p>\n<\/div>\n<\/div>\n<\/div>\n<div class=\"e-con-inner\">\n<p>En una declaraci\u00f3n a la que tuvo acceso Prensa Latina, la Ancreb-JM califica de \u00abfalsas acusaciones\u00bb los se\u00f1alamientos realizados por funcionarios estadounidenses, quienes intentan deslegitimar uno de los programas sociales m\u00e1s emblem\u00e1ticos de la \u00faltima d\u00e9cada en Brasil.<\/p>\n<p>Creado en 2013, M\u00e1s M\u00e9dicos naci\u00f3 como respuesta a una realidad alarmante: millones de brasile\u00f1os, en especial en zonas rurales e ind\u00edgenas, no ten\u00edan acceso a ning\u00fan tipo de atenci\u00f3n m\u00e9dica b\u00e1sica.<\/p>\n<p>Desde su inicio, m\u00e9dicos cubanos desempe\u00f1aron un papel esencial en este programa, atendiendo a comunidades hist\u00f3ricamente olvidadas por el sistema de salud brasile\u00f1o.<\/p>\n<p>Para la Ancreb-JM, los ataques actuales son m\u00e1s que una simple agresi\u00f3n pol\u00edtica: representan un intento de criminalizar la cooperaci\u00f3n internacional solidaria.<\/p>\n<p>\u00abLa participaci\u00f3n de Cuba en M\u00e1s M\u00e9dicos ha salvado innumerables vidas\u00bb, afirma el documento y denuncia que \u00ablos ataques contra este programa son, en realidad, ataques contra el derecho humano a la salud\u00bb.<\/p>\n<p>El legado de la colaboraci\u00f3n m\u00e9dica de la isla no es nuevo. Desde hace d\u00e9cadas, miles de profesionales de la salud cubanos prestan servicios en pa\u00edses de \u00c1frica, Am\u00e9rica Latina y Asia, guiados por una \u00e9tica profundamente humanista.<\/p>\n<p>La frase del l\u00edder hist\u00f3rico de la Revoluci\u00f3n cubana, Fidel Castro, citada en la declaraci\u00f3n \u2013\u00bbM\u00e9dicos y no bombas\u00bb\u2013 resume el esp\u00edritu de estas misiones.<\/p>\n<p>En medio del panorama internacional actual, en el que las crisis humanitarias se multiplican y el acceso a la salud contin\u00faa siendo un privilegio para muchos, la defensa de iniciativas como M\u00e1s M\u00e9dicos cobra una importancia a\u00fan mayor.<\/p>\n<p>La Ancreb-JM cierra su mensaje reafirmando su compromiso con el legado solidario de la naci\u00f3n caribe\u00f1a, la soberan\u00eda de Brasil y el derecho de todos los pueblos a contar con sistemas sanitarios justos y universales.<\/p>\n<p>El 14 de noviembre de 2018, Cuba revalid\u00f3 la vocaci\u00f3n solidaria y humanista demostrada por sus profesionales de la salud en decenas de pa\u00edses, al anunciar la salida de M\u00e1s M\u00e9dicos de Brasil, ante condicionamientos adelantados por el entonces presidente electo Jair Bolsonaro.<\/p>\n<p>\u00abLos pueblos de Nuestra Am\u00e9rica y del resto del mundo conocen que siempre podr\u00e1n contar con la vocaci\u00f3n humanista y solidaria de nuestros profesionales\u00bb, se\u00f1al\u00f3 en la ocasi\u00f3n una declaraci\u00f3n el Ministerio de Salud P\u00fablica de la isla.<\/p>\n<p>Como parte de M\u00e1s M\u00e9dicos, precis\u00f3 la cartera sanitaria, en el \u00faltimo lustro cerca de 20 mil colaboradores cubanos atendieron a 113 millones 359 mil pacientes en unos tres mil 600 municipios, \u00abllegando a cubrirse por ellos un universo de hasta 60 millones de brasile\u00f1os\u00bb.<\/p>\n<p>arc\/ocs<\/p>\n<\/div>\n<div class=\"elementor-element elementor-element-80c8584 elementor-mobile-align-left elementor-widget elementor-widget-post-info\" data-id=\"80c8584\" data-element_type=\"widget\" data-widget_type=\"post-info.default\">\n<div class=\"elementor-widget-container\">\n<p>&nbsp;<\/p>\n<\/div>\n<\/div>\n","protected":false},"excerpt":{"rendered":"<p>Brasilia,\u00a0 (Prensa Latina) La Asociaci\u00f3n Nacional de Cubanos Residentes en Brasil (Ancreb-Jos\u00e9 Mart\u00ed (JM) repudi\u00f3&hellip;<\/p>\n","protected":false},"author":2,"featured_media":74682,"comment_status":"closed","ping_status":"closed","sticky":false,"template":"","format":"standard","meta":{"footnotes":""},"categories":[52,53],"tags":[],"class_list":["post-74681","post","type-post","status-publish","format-standard","has-post-thumbnail","hentry","category-internacionales","category-prensa-latina"],"_links":{"self":[{"href":"https:\/\/eldiarioantillano.com\/uno\/wp-json\/wp\/v2\/posts\/74681","targetHints":{"allow":["GET"]}}],"collection":[{"href":"https:\/\/eldiarioantillano.com\/uno\/wp-json\/wp\/v2\/posts"}],"about":[{"href":"https:\/\/eldiarioantillano.com\/uno\/wp-json\/wp\/v2\/types\/post"}],"author":[{"embeddable":true,"href":"https:\/\/eldiarioantillano.com\/uno\/wp-json\/wp\/v2\/users\/2"}],"replies":[{"embeddable":true,"href":"https:\/\/eldiarioantillano.com\/uno\/wp-json\/wp\/v2\/comments?post=74681"}],"version-history":[{"count":1,"href":"https:\/\/eldiarioantillano.com\/uno\/wp-json\/wp\/v2\/posts\/74681\/revisions"}],"predecessor-version":[{"id":74683,"href":"https:\/\/eldiarioantillano.com\/uno\/wp-json\/wp\/v2\/posts\/74681\/revisions\/74683"}],"wp:featuredmedia":[{"embeddable":true,"href":"https:\/\/eldiarioantillano.com\/uno\/wp-json\/wp\/v2\/media\/74682"}],"wp:attachment":[{"href":"https:\/\/eldiarioantillano.com\/uno\/wp-json\/wp\/v2\/media?parent=74681"}],"wp:term":[{"taxonomy":"category","embeddable":true,"href":"https:\/\/eldiarioantillano.com\/uno\/wp-json\/wp\/v2\/categories?post=74681"},{"taxonomy":"post_tag","embeddable":true,"href":"https:\/\/eldiarioantillano.com\/uno\/wp-json\/wp\/v2\/tags?post=74681"}],"curies":[{"name":"wp","href":"https:\/\/api.w.org\/{rel}","templated":true}]}}