{"id":74618,"date":"2025-08-12T00:47:02","date_gmt":"2025-08-12T04:47:02","guid":{"rendered":"https:\/\/eldiarioantillano.com\/uno\/?p=74618"},"modified":"2025-08-12T00:47:02","modified_gmt":"2025-08-12T04:47:02","slug":"codigo-penal-ideologia-patriarcal-y-dictadura-machista","status":"publish","type":"post","link":"https:\/\/eldiarioantillano.com\/uno\/2025\/08\/12\/codigo-penal-ideologia-patriarcal-y-dictadura-machista\/","title":{"rendered":"C\u00f3digo penal, ideolog\u00eda patriarcal y dictadura machista"},"content":{"rendered":"<p>Por NARCISO ISA CONDE<\/p>\n<p>Es importante conocer las razones, las causas o intereses que motivan determinadas actitudes de las C\u00e1maras Legislativas; pretensiones abusivas y perniciosas contra derechos fundamentales de la poblaci\u00f3n femenina.<\/p>\n<p>Vale esta reflexi\u00f3n en el caso del abordaje del C\u00f3digo Penal por el Senado y por la C\u00e1mara de Diputados, cuando recientemente votaron a favor de limitar la tipificaci\u00f3n del delito de feminicidio a solo tres circunstancias en las siguientes circunstancias:<\/p>\n<ol>\n<li>a) Cuando la v\u00edctima presenta signos de violencia sexual, mutilaci\u00f3n genital o cualquier otro ensa\u00f1amiento.<\/li>\n<li>b) Cuando su cuerpo sea exhibido en un lugar p\u00fablico.<\/li>\n<li>c) O cuando sea resultado de ritos grupales.<\/li>\n<\/ol>\n<p>As\u00ed consta en su art\u00edculo 97. Es decir, esa formulaci\u00f3n del tema niega la calificaci\u00f3n de feminicidio si el victimario solo mata a sus v\u00edctimas, pero no la viola.<\/p>\n<p>Pero adem\u00e1s, en su art. 126 reduce las penas a la violencia de g\u00e9nero en los casos m\u00e1s frecuentes, estableciendo solo de uno a tres a\u00f1os de prisi\u00f3n. Tambi\u00e9n en su art\u00edculo 136 la disminuye considerablemente si el violador es pareja de la v\u00edctima.<\/p>\n<p>Y para colmo, el proyecto votado en ambas c\u00e1maras, mantiene la penalizaci\u00f3n absoluta de la interrupci\u00f3n del embarazo, aun en caso de violaci\u00f3n, incesto, o cuando el embri\u00f3n no tenga posibilidades de sobrevivir, o el embarazo ponga en riesgo la vida de la mujer. Su art. 112 excluye las tres causales.<\/p>\n<p>La causa y la motivaci\u00f3n de esa manera de desconsiderar y abusar del ser humano mujer, no es otra que la influencia de la ideolog\u00eda patriarcal, machista en quienes dominan ese y otros poderes, dentro y fuera del Estado: congresistas del PRM, PLD, FR, jefes de iglesias, grandes empresarios, directores de medios de comunicaci\u00f3n, altos funcionarios civiles y militares. En fin, jerarcas y jorocones.<\/p>\n<p>La ideolog\u00eda patriarcal es el sistema de ideas que le sirve de sustentaci\u00f3n a la milenaria supremac\u00eda masculina en la historia y en el presente de la humanidad; siempre adecuada al contexto particular de las diversas formaciones econ\u00f3mico-sociales y de las correspondientes modalidades de lucha de clase.<\/p>\n<p>El patriarcado o poder dominante masculino precede al capitalismo como herencia p\u00e9rfidamente remozada de otras formaciones econ\u00f3micas y sociales, y lo acompa\u00f1a en sus tiempos modernos.<\/p>\n<p>Es absolutamente funcional a la nefasta vocaci\u00f3n de la burgues\u00eda por maximizar ganancias y convertir todo en mercanc\u00eda, incluso los atributos femeninos y el cuerpo de la mujer.<\/p>\n<p>Es funcional a los que act\u00faan jefes de otros y de la sociedad.<\/p>\n<p>Hablar de ideolog\u00eda patriarcal es hablar de una plataforma de conceptos que posibilita la sobre-explotaci\u00f3n de las mujeres y la negaci\u00f3n de sus derechos como seres humanos a cargo de la clase dominante-gobernante.<\/p>\n<p>Es una ideolog\u00eda que estimula su maltrato sistematizado bajo el criterio de considerarlas \u00abpropiedad\u00bb o \u00abser inferior\u00bb al servicio de los hombres y del poder masculinizado del gran capital y el Estado bajo su mando.<\/p>\n<p>Es una forma de pensar, de actuar y ejercer el poder que considera a las mujeres, fundamentalmente instrumentos de placer sexual, material de cocina y de cama, obligadas a cargar con los cuidados del hogar, como trabajadoras dom\u00e9sticas no remuneradas o inferiormente remuneradas.<\/p>\n<p>Ella se expresa como machismo, opresi\u00f3n y discriminaciones violentas.<\/p>\n<p>Se expresa en desigualdades salariales, negaci\u00f3n de oportunidades, maltrato f\u00edsico-psicol\u00f3gico, torturas, burlas, violencias, feminicidios\u2026 partiendo siempre de una diferencia natural que supuestamente las condena irremediablemente a la subordinaci\u00f3n y vulneraci\u00f3n de sus derechos como seres humanos.<\/p>\n<p>Y esa opresi\u00f3n gravita en todas las edades y \u00e1mbitos sociales, y conlleva asignaci\u00f3n forzada de roles sociales diferenciados en perjuicio de la poblaci\u00f3n femenina; incluida doble y triple explotaci\u00f3n, desconocimiento del trabajo dom\u00e9stico como generador de riquezas y ganancias a favor del capital, mercantilizaci\u00f3n del cuerpo y escandalosas supremac\u00edas masculinas en las relaciones de poder.<\/p>\n<p>Esto ha provocado una intensa y significativa oposici\u00f3n en una parte importante de la sociedad dominicana, cada vez m\u00e1s sensibilizada con la necesidad de defender los derechos de la mujer frente a una cultura dominante realmente ominosa; lo que ha entorpecido por momentos y recurrentemente -aun en condiciones de enorme desigualdad de recurso y poder- la aplanadora patriarcal machista de las C\u00e1maras Legislativas y sus tutores. \u00a1Buena se\u00f1al a futuro, vale luchar!<\/p>\n<div class=\"fb-comments fb_iframe_widget fb_iframe_widget_fluid_desktop\" data-href=\"https:\/\/barrigaverde.net\/codigo-penal-ideologia-patriarcal-y-dictadura-machista\/\" data-numposts=\"5\" data-width=\"100%\" data-colorscheme=\"light\"><\/div>\n","protected":false},"excerpt":{"rendered":"<p>Por NARCISO ISA CONDE Es importante conocer las razones, las causas o intereses que motivan&hellip;<\/p>\n","protected":false},"author":2,"featured_media":64149,"comment_status":"closed","ping_status":"closed","sticky":false,"template":"","format":"standard","meta":{"footnotes":""},"categories":[55,77,51],"tags":[],"class_list":["post-74618","post","type-post","status-publish","format-standard","has-post-thumbnail","hentry","category-nacionales","category-narciso-isa-conde","category-opinion"],"_links":{"self":[{"href":"https:\/\/eldiarioantillano.com\/uno\/wp-json\/wp\/v2\/posts\/74618","targetHints":{"allow":["GET"]}}],"collection":[{"href":"https:\/\/eldiarioantillano.com\/uno\/wp-json\/wp\/v2\/posts"}],"about":[{"href":"https:\/\/eldiarioantillano.com\/uno\/wp-json\/wp\/v2\/types\/post"}],"author":[{"embeddable":true,"href":"https:\/\/eldiarioantillano.com\/uno\/wp-json\/wp\/v2\/users\/2"}],"replies":[{"embeddable":true,"href":"https:\/\/eldiarioantillano.com\/uno\/wp-json\/wp\/v2\/comments?post=74618"}],"version-history":[{"count":1,"href":"https:\/\/eldiarioantillano.com\/uno\/wp-json\/wp\/v2\/posts\/74618\/revisions"}],"predecessor-version":[{"id":74619,"href":"https:\/\/eldiarioantillano.com\/uno\/wp-json\/wp\/v2\/posts\/74618\/revisions\/74619"}],"wp:featuredmedia":[{"embeddable":true,"href":"https:\/\/eldiarioantillano.com\/uno\/wp-json\/wp\/v2\/media\/64149"}],"wp:attachment":[{"href":"https:\/\/eldiarioantillano.com\/uno\/wp-json\/wp\/v2\/media?parent=74618"}],"wp:term":[{"taxonomy":"category","embeddable":true,"href":"https:\/\/eldiarioantillano.com\/uno\/wp-json\/wp\/v2\/categories?post=74618"},{"taxonomy":"post_tag","embeddable":true,"href":"https:\/\/eldiarioantillano.com\/uno\/wp-json\/wp\/v2\/tags?post=74618"}],"curies":[{"name":"wp","href":"https:\/\/api.w.org\/{rel}","templated":true}]}}