{"id":74616,"date":"2025-08-12T00:45:13","date_gmt":"2025-08-12T04:45:13","guid":{"rendered":"https:\/\/eldiarioantillano.com\/uno\/?p=74616"},"modified":"2025-08-12T01:00:12","modified_gmt":"2025-08-12T05:00:12","slug":"emilia-pereyra-presentara-nueva-novela-sobre-la-dominacion-haitiana-y-la-independencia-dominicana","status":"publish","type":"post","link":"https:\/\/eldiarioantillano.com\/uno\/2025\/08\/12\/emilia-pereyra-presentara-nueva-novela-sobre-la-dominacion-haitiana-y-la-independencia-dominicana\/","title":{"rendered":"Emilia Pereyra presentar\u00e1 nueva novela sobre la dominaci\u00f3n haitiana y la independencia dominicana"},"content":{"rendered":"<p align=\"justify\"><span style=\"font-family: Times New Roman, serif;\"><span style=\"font-size: medium;\">La escritora y periodista Emilia Pereyra pondr\u00e1 a circular el mi\u00e9rcoles 20 de agosto, en Santo Domingo, su nueva novela <\/span><\/span><span style=\"font-family: Agency FB, serif;\"><span style=\"font-size: medium;\">\u00ab<\/span><\/span><span style=\"font-family: Times New Roman, serif;\"><span style=\"font-size: medium;\">Cuando gem\u00eda la Patria<\/span><\/span><span style=\"font-family: Agency FB, serif;\"><span style=\"font-size: medium;\">\u00bb, <\/span><\/span><span style=\"font-family: Times New Roman, serif;\"><span style=\"font-size: medium;\">sobre la dominaci\u00f3n haitiana y la independencia dominicana, un per\u00edodo crucial de la historia nacional.<\/span><\/span><\/p>\n<p align=\"justify\"><span style=\"font-family: Times New Roman, serif;\"><span style=\"font-size: medium;\">La obra ser\u00e1 puesta a circular en la fecha se\u00f1alada, a las 6:30 p.m., en la sala A\u00edda Cartagena Portalat\u00edn, en la Biblioteca Nacional Pedro Henr\u00edquez Ure\u00f1a, en Santo Domingo.<\/span><\/span><\/p>\n<p align=\"justify\"><span style=\"font-family: Times New Roman, serif;\"><span style=\"font-size: medium;\">El poeta, narrador y ensayista Eduardo Gautreau de Windt har\u00e1 la presentaci\u00f3n de la obra y la escritora y periodista Marivell Contreras ser\u00e1 la maestra de ceremonias. La declamadora Rosa Iris Clariot tendr\u00e1 una participaci\u00f3n especial en el acto.<\/span><\/span><\/p>\n<p align=\"justify\"><span style=\"color: #000000;\"><span style=\"font-family: Times New Roman, serif;\"><span style=\"font-size: medium;\">En su etapa inicial, la obra \u00abCuando Gem\u00eda la Patria\u00bb fue declarada Proyecto Cultural de Inter\u00e9s Nacional, tras presentarse en la primera convocatoria de la Direcci\u00f3n General de Mecenazgo, y recibi\u00f3 respaldo del Fondo Solidario de Apoyo la Cultura (FOSAC), para la fase de investigaci\u00f3n.<\/span><\/span><\/span><\/p>\n<p align=\"justify\"><span style=\"color: #000000;\"><span style=\"font-family: Times New Roman, serif;\"><span style=\"font-size: medium;\">\u00abCuando Gem\u00eda la Patria\u00bb conduce a los lectores a los cimientos mismos de la naci\u00f3n dominicana: los turbulentos a\u00f1os de la ocupaci\u00f3n haitiana y el amanecer de la Independencia Nacional.<\/span><\/span><\/span><\/p>\n<p align=\"justify\"><span style=\"color: #000000;\"><span style=\"font-family: Times New Roman, serif;\"><span style=\"font-size: medium;\">La narraci\u00f3n desvela los secretos de una \u00e9poca determinante que forj\u00f3 el car\u00e1cter de la naci\u00f3n dominicana, mostrando la valent\u00eda, la astucia y el esp\u00edritu de aquellos que so\u00f1aron con la libertad.<\/span><\/span><\/span><\/p>\n<p align=\"justify\"><span style=\"color: #000000;\"><span style=\"font-family: Times New Roman, serif;\"><span style=\"font-size: medium;\">Pereyra no solo rescata del olvido sucesos trascendentales, sino que da vida a figuras legendarias que, con su arrojo y sacrificio, fomentaron la esperanza. As\u00ed revive el \u00edmpetu visionario de Juan Pablo Duarte, la determinaci\u00f3n de Francisco del Rosario S\u00e1nchez y la audacia de Mat\u00edas Ram\u00f3n Mella.<\/span><\/span><\/span><\/p>\n<div id=\"attachment_74609\" style=\"width: 375px\" class=\"wp-caption alignright\"><img fetchpriority=\"high\" decoding=\"async\" aria-describedby=\"caption-attachment-74609\" class=\" wp-image-74609\" src=\"https:\/\/eldiarioantillano.com\/uno\/wp-content\/uploads\/2025\/08\/Cuando-gemia-la-Patria-portada-1-scaled.jpg\" alt=\"\" width=\"365\" height=\"549\" srcset=\"https:\/\/eldiarioantillano.com\/uno\/wp-content\/uploads\/2025\/08\/Cuando-gemia-la-Patria-portada-1-scaled.jpg 1702w, https:\/\/eldiarioantillano.com\/uno\/wp-content\/uploads\/2025\/08\/Cuando-gemia-la-Patria-portada-1-199x300.jpg 199w, https:\/\/eldiarioantillano.com\/uno\/wp-content\/uploads\/2025\/08\/Cuando-gemia-la-Patria-portada-1-681x1024.jpg 681w, https:\/\/eldiarioantillano.com\/uno\/wp-content\/uploads\/2025\/08\/Cuando-gemia-la-Patria-portada-1-768x1155.jpg 768w, https:\/\/eldiarioantillano.com\/uno\/wp-content\/uploads\/2025\/08\/Cuando-gemia-la-Patria-portada-1-1021x1536.jpg 1021w, https:\/\/eldiarioantillano.com\/uno\/wp-content\/uploads\/2025\/08\/Cuando-gemia-la-Patria-portada-1-1362x2048.jpg 1362w, https:\/\/eldiarioantillano.com\/uno\/wp-content\/uploads\/2025\/08\/Cuando-gemia-la-Patria-portada-1-1170x1760.jpg 1170w, https:\/\/eldiarioantillano.com\/uno\/wp-content\/uploads\/2025\/08\/Cuando-gemia-la-Patria-portada-1-585x880.jpg 585w\" sizes=\"(max-width: 365px) 100vw, 365px\" \/><p id=\"caption-attachment-74609\" class=\"wp-caption-text\">Cuando gem\u00eda la Patria<\/p><\/div>\n<p align=\"justify\"><span style=\"color: #000000;\"><span style=\"font-family: Times New Roman, serif;\"><span style=\"font-size: medium;\">La novela va m\u00e1s all\u00e1 de los h\u00e9roes conocidos, pues la autora teje una trama rica en personajes cotidianos que, desde las sombras o en la primera l\u00ednea, vivieron y actuaron durante los conflictos que estremecieron la isla de Santo Domingo bajo el yugo extranjero.<\/span><\/span><\/span><\/p>\n<p align=\"justify\"><span style=\"color: #000000;\"><span style=\"font-family: Agency FB, serif;\"><span style=\"font-size: medium;\">\u00ab<\/span><\/span><\/span><span style=\"color: #000000;\"><span style=\"font-family: Times New Roman, serif;\"><span style=\"font-size: medium;\">Cuando gem\u00eda la Patria<\/span><\/span><\/span><span style=\"color: #000000;\"><span style=\"font-family: Agency FB, serif;\"><span style=\"font-size: medium;\">\u00bb,<\/span><\/span><\/span><span style=\"color: #000000;\"><span style=\"font-family: Times New Roman, serif;\"><span style=\"font-size: medium;\"> publicada por Editora Horus, es la cuarta novela hist\u00f3rica que publica la escritora Emilia Pereyra, Premio Nacional de Periodismo 2019, Premio de Novela Hist\u00f3rica Enriquillo 2020 y Premio Caonabo de Oro 2025.<\/span><\/span><\/span><\/p>\n<p align=\"justify\"><span style=\"color: #000000;\"><span style=\"font-family: Times New Roman, serif;\"><span style=\"font-size: medium;\">Anteriormente, la autora ha divulgado \u00abEl grito de tambor\u00bb, \u00abEl fald\u00f3n de la p\u00f3lvora\u00bb, \u00abEl coraz\u00f3n de la revuelta\u00bb, novelas acerca de otros hechos hist\u00f3ricos. Tambi\u00e9n Pereyra ha publicado las novelas \u00abEl crimen verde\u00bb, \u00abCenizas del querer\u00bb, \u00abC\u00f3ctel con frenes\u00ed\u00bb, \u00ab\u00a1Oh, Dios!\u00bb; el libro de cuentos \u00abEl inapelable designio de Dios\u00bb, el ensayo hist\u00f3rico \u00abResistencia cultural en la dominaci\u00f3n haitiana\u00bb y \u00abRasgos y figuras\u00bb, conjunto de perfiles biogr\u00e1ficos. <\/span><\/span><\/span><\/p>\n<p align=\"justify\">\n","protected":false},"excerpt":{"rendered":"<p>La escritora y periodista Emilia Pereyra pondr\u00e1 a circular el mi\u00e9rcoles 20 de agosto, en&hellip;<\/p>\n","protected":false},"author":2,"featured_media":74610,"comment_status":"closed","ping_status":"closed","sticky":false,"template":"","format":"standard","meta":{"footnotes":""},"categories":[63,55],"tags":[],"class_list":["post-74616","post","type-post","status-publish","format-standard","has-post-thumbnail","hentry","category-cultura","category-nacionales"],"_links":{"self":[{"href":"https:\/\/eldiarioantillano.com\/uno\/wp-json\/wp\/v2\/posts\/74616","targetHints":{"allow":["GET"]}}],"collection":[{"href":"https:\/\/eldiarioantillano.com\/uno\/wp-json\/wp\/v2\/posts"}],"about":[{"href":"https:\/\/eldiarioantillano.com\/uno\/wp-json\/wp\/v2\/types\/post"}],"author":[{"embeddable":true,"href":"https:\/\/eldiarioantillano.com\/uno\/wp-json\/wp\/v2\/users\/2"}],"replies":[{"embeddable":true,"href":"https:\/\/eldiarioantillano.com\/uno\/wp-json\/wp\/v2\/comments?post=74616"}],"version-history":[{"count":2,"href":"https:\/\/eldiarioantillano.com\/uno\/wp-json\/wp\/v2\/posts\/74616\/revisions"}],"predecessor-version":[{"id":74622,"href":"https:\/\/eldiarioantillano.com\/uno\/wp-json\/wp\/v2\/posts\/74616\/revisions\/74622"}],"wp:featuredmedia":[{"embeddable":true,"href":"https:\/\/eldiarioantillano.com\/uno\/wp-json\/wp\/v2\/media\/74610"}],"wp:attachment":[{"href":"https:\/\/eldiarioantillano.com\/uno\/wp-json\/wp\/v2\/media?parent=74616"}],"wp:term":[{"taxonomy":"category","embeddable":true,"href":"https:\/\/eldiarioantillano.com\/uno\/wp-json\/wp\/v2\/categories?post=74616"},{"taxonomy":"post_tag","embeddable":true,"href":"https:\/\/eldiarioantillano.com\/uno\/wp-json\/wp\/v2\/tags?post=74616"}],"curies":[{"name":"wp","href":"https:\/\/api.w.org\/{rel}","templated":true}]}}