{"id":74613,"date":"2025-08-12T00:35:02","date_gmt":"2025-08-12T04:35:02","guid":{"rendered":"https:\/\/eldiarioantillano.com\/uno\/?p=74613"},"modified":"2025-08-12T00:35:02","modified_gmt":"2025-08-12T04:35:02","slug":"daygro-abel-resulto-electo-miembro-de-la-direccion-central-de-la-fuerza-del-pueblo","status":"publish","type":"post","link":"https:\/\/eldiarioantillano.com\/uno\/2025\/08\/12\/daygro-abel-resulto-electo-miembro-de-la-direccion-central-de-la-fuerza-del-pueblo\/","title":{"rendered":"Daygro Abel result\u00f3 electo miembro de la direcci\u00f3n central de la Fuerza del Pueblo"},"content":{"rendered":"<p>El joven montecriste\u00f1o es miembro de la direcci\u00f3n provincial de la Fuerza del Pueblo y aspir\u00f3 a una diputaci\u00f3n en las elecciones pasadas. (Foto: Daygorod Fabi\u00e1n).<\/p>\n","protected":false},"excerpt":{"rendered":"<p>El joven montecriste\u00f1o es miembro de la direcci\u00f3n provincial de la Fuerza del Pueblo y&hellip;<\/p>\n","protected":false},"author":2,"featured_media":74614,"comment_status":"closed","ping_status":"closed","sticky":false,"template":"","format":"standard","meta":{"footnotes":""},"categories":[57],"tags":[],"class_list":["post-74613","post","type-post","status-publish","format-standard","has-post-thumbnail","hentry","category-montecristi"],"_links":{"self":[{"href":"https:\/\/eldiarioantillano.com\/uno\/wp-json\/wp\/v2\/posts\/74613","targetHints":{"allow":["GET"]}}],"collection":[{"href":"https:\/\/eldiarioantillano.com\/uno\/wp-json\/wp\/v2\/posts"}],"about":[{"href":"https:\/\/eldiarioantillano.com\/uno\/wp-json\/wp\/v2\/types\/post"}],"author":[{"embeddable":true,"href":"https:\/\/eldiarioantillano.com\/uno\/wp-json\/wp\/v2\/users\/2"}],"replies":[{"embeddable":true,"href":"https:\/\/eldiarioantillano.com\/uno\/wp-json\/wp\/v2\/comments?post=74613"}],"version-history":[{"count":1,"href":"https:\/\/eldiarioantillano.com\/uno\/wp-json\/wp\/v2\/posts\/74613\/revisions"}],"predecessor-version":[{"id":74615,"href":"https:\/\/eldiarioantillano.com\/uno\/wp-json\/wp\/v2\/posts\/74613\/revisions\/74615"}],"wp:featuredmedia":[{"embeddable":true,"href":"https:\/\/eldiarioantillano.com\/uno\/wp-json\/wp\/v2\/media\/74614"}],"wp:attachment":[{"href":"https:\/\/eldiarioantillano.com\/uno\/wp-json\/wp\/v2\/media?parent=74613"}],"wp:term":[{"taxonomy":"category","embeddable":true,"href":"https:\/\/eldiarioantillano.com\/uno\/wp-json\/wp\/v2\/categories?post=74613"},{"taxonomy":"post_tag","embeddable":true,"href":"https:\/\/eldiarioantillano.com\/uno\/wp-json\/wp\/v2\/tags?post=74613"}],"curies":[{"name":"wp","href":"https:\/\/api.w.org\/{rel}","templated":true}]}}