{"id":74598,"date":"2025-08-11T20:09:59","date_gmt":"2025-08-12T00:09:59","guid":{"rendered":"https:\/\/eldiarioantillano.com\/uno\/?p=74598"},"modified":"2025-08-10T20:11:15","modified_gmt":"2025-08-11T00:11:15","slug":"crece-cifra-de-muertos-por-hambre-y-desnutricion-en-gaza","status":"publish","type":"post","link":"https:\/\/eldiarioantillano.com\/uno\/2025\/08\/11\/crece-cifra-de-muertos-por-hambre-y-desnutricion-en-gaza\/","title":{"rendered":"Crece cifra de muertos por hambre y desnutrici\u00f3n en Gaza"},"content":{"rendered":"<div class=\"elementor-element elementor-element-6de1b51f elementor-widget elementor-widget-theme-post-excerpt\" data-id=\"6de1b51f\" data-element_type=\"widget\" data-widget_type=\"theme-post-excerpt.default\">\n<div class=\"elementor-widget-container\">Ramala, 10 ago (Prensa Latina) Al menos 217 palestinos, incluidos 100 ni\u00f1os, murieron por hambre y desnutrici\u00f3n en la Franja de Gaza como consecuencia del bloqueo israel\u00ed, denunciaron hoy fuentes m\u00e9dicas.<\/div>\n<\/div>\n<div class=\"elementor-element elementor-element-761416c0 elementor-widget elementor-widget-theme-post-content\" data-id=\"761416c0\" data-element_type=\"widget\" data-widget_type=\"theme-post-content.default\">\n<div class=\"elementor-widget-container\">\n<p>Los hospitales del territorio registraron en las \u00faltimas 24 horas cinco decesos por esa causa, entre ellos dos menores de edad, precis\u00f3 la agencia oficial de noticias palestina (Wafa).<\/p>\n<p>La crisis humanitaria all\u00ed contin\u00faa empeorando debido al asedio y a la escasez de alimentos y suministros m\u00e9dicos, advirti\u00f3.<\/p>\n<p>En medio de este panorama, ocho ciudadanos fueron asesinadas este domingo en ataques israel\u00edes contra diversas zonas del enclave costero, bajo fuego desde octubre de 2023.<\/p>\n<p>Seg\u00fan Wafa, cuatro perdieron la vida tras un bombardeo de un dron en la sure\u00f1a ciudad de Khan Yunis y dos m\u00e1s por disparos de soldados cerca del llamado eje de Netzarim.<\/p>\n<p>Varios ciudadanos que esperaban ayuda tambi\u00e9n murieron y numerosos resultaron heridos por el fuego israel\u00ed en el sur de Khan Yunis, detall\u00f3.<\/p>\n<p>De acuerdo con datos oficiales, desde el inicio de la campa\u00f1a b\u00e9lica israel\u00ed contra la Franja, hace 22 meses, m\u00e1s de 61 mil palestinos perdieron la vida all\u00ed y casi 153 mil sufrieron lesiones.<\/p>\n<p>mem\/rob<\/p>\n<\/div>\n<\/div>\n","protected":false},"excerpt":{"rendered":"<p>Ramala, 10 ago (Prensa Latina) Al menos 217 palestinos, incluidos 100 ni\u00f1os, murieron por hambre&hellip;<\/p>\n","protected":false},"author":2,"featured_media":74599,"comment_status":"closed","ping_status":"closed","sticky":false,"template":"","format":"standard","meta":{"footnotes":""},"categories":[52,53],"tags":[],"class_list":["post-74598","post","type-post","status-publish","format-standard","has-post-thumbnail","hentry","category-internacionales","category-prensa-latina"],"_links":{"self":[{"href":"https:\/\/eldiarioantillano.com\/uno\/wp-json\/wp\/v2\/posts\/74598","targetHints":{"allow":["GET"]}}],"collection":[{"href":"https:\/\/eldiarioantillano.com\/uno\/wp-json\/wp\/v2\/posts"}],"about":[{"href":"https:\/\/eldiarioantillano.com\/uno\/wp-json\/wp\/v2\/types\/post"}],"author":[{"embeddable":true,"href":"https:\/\/eldiarioantillano.com\/uno\/wp-json\/wp\/v2\/users\/2"}],"replies":[{"embeddable":true,"href":"https:\/\/eldiarioantillano.com\/uno\/wp-json\/wp\/v2\/comments?post=74598"}],"version-history":[{"count":1,"href":"https:\/\/eldiarioantillano.com\/uno\/wp-json\/wp\/v2\/posts\/74598\/revisions"}],"predecessor-version":[{"id":74600,"href":"https:\/\/eldiarioantillano.com\/uno\/wp-json\/wp\/v2\/posts\/74598\/revisions\/74600"}],"wp:featuredmedia":[{"embeddable":true,"href":"https:\/\/eldiarioantillano.com\/uno\/wp-json\/wp\/v2\/media\/74599"}],"wp:attachment":[{"href":"https:\/\/eldiarioantillano.com\/uno\/wp-json\/wp\/v2\/media?parent=74598"}],"wp:term":[{"taxonomy":"category","embeddable":true,"href":"https:\/\/eldiarioantillano.com\/uno\/wp-json\/wp\/v2\/categories?post=74598"},{"taxonomy":"post_tag","embeddable":true,"href":"https:\/\/eldiarioantillano.com\/uno\/wp-json\/wp\/v2\/tags?post=74598"}],"curies":[{"name":"wp","href":"https:\/\/api.w.org\/{rel}","templated":true}]}}