{"id":74579,"date":"2025-08-09T00:00:44","date_gmt":"2025-08-09T04:00:44","guid":{"rendered":"https:\/\/eldiarioantillano.com\/uno\/?p=74579"},"modified":"2025-08-09T00:48:39","modified_gmt":"2025-08-09T04:48:39","slug":"cooperativa-vega-real-participa-en-historica-asamblea-del-cooperativismo-en-manchester","status":"publish","type":"post","link":"https:\/\/eldiarioantillano.com\/uno\/2025\/08\/09\/cooperativa-vega-real-participa-en-historica-asamblea-del-cooperativismo-en-manchester\/","title":{"rendered":"Cooperativa Vega Real participa en hist\u00f3rica Asamblea del Cooperativismo en Manchester"},"content":{"rendered":"<p>Manchester, Reino Unido.\u00a0El presidente ejecutivo de Vega Real, Yanio Concepci\u00f3n, particip\u00f3 en calidad de delegado con derecho a voz y voto en la Asamblea General de la Alianza Cooperativa Internacional (ACI), realizada en el emblem\u00e1tico Ayuntamiento de Manchester, ciudad reconocida como la cuna del cooperativismo moderno desde hace m\u00e1s de 180 a\u00f1os.<\/p>\n<p>Durante la ceremonia inaugural, el alcalde de Manchester, concejal Carmine Grimshaw, ofreci\u00f3 una c\u00e1lida bienvenida a los delegados, destacando el legado hist\u00f3rico de la ciudad como referente e inspiraci\u00f3n para el movimiento cooperativo mundial; y el presidente de la ACI, Ariel Guarco, subray\u00f3 la importancia del lugar al afirmar: \u201cAqu\u00ed en el Gran Manchester, hace 180 a\u00f1os, los Pioneros de Rochdale iniciaron este camino de cooperaci\u00f3n para construir un mundo mejor\u201d.<\/p>\n<p>Yanio Concepci\u00f3n comparti\u00f3 escenario con destacados l\u00edderes del cooperativismo mundial, incluyendo al presidente de la ACI, Ariel Guarco; la presidenta del Comit\u00e9 Mundial de Igualdad de G\u00e9nero, Xiomara N\u00fa\u00f1ez; y el presidente de ACI-Am\u00e9ricas, Jos\u00e9 Alves, con quienes iz\u00f3 con orgullo la bandera del cooperativismo internacional.<\/p>\n<p>Durante dos d\u00edas de trabajo, los l\u00edderes cooperativistas compartieron experiencias y debatieron sobre los principales desaf\u00edos y oportunidades del modelo cooperativo a nivel global, reafirmando el papel transformador del cooperativismo en lo econ\u00f3mico, social y ambiental.<\/p>\n<p>En este escenario global, Vega Real reafirma su vocaci\u00f3n y compromiso de consolidar un cooperativismo fuerte y humano, que impulsa la solidaridad, el bienestar colectivo y el desarrollo comunitario en todas sus dimensiones.<\/p>\n","protected":false},"excerpt":{"rendered":"<p>Manchester, Reino Unido.\u00a0El presidente ejecutivo de Vega Real, Yanio Concepci\u00f3n, particip\u00f3 en calidad de delegado&hellip;<\/p>\n","protected":false},"author":2,"featured_media":74575,"comment_status":"closed","ping_status":"closed","sticky":false,"template":"","format":"standard","meta":{"footnotes":""},"categories":[55],"tags":[],"class_list":["post-74579","post","type-post","status-publish","format-standard","has-post-thumbnail","hentry","category-nacionales"],"_links":{"self":[{"href":"https:\/\/eldiarioantillano.com\/uno\/wp-json\/wp\/v2\/posts\/74579","targetHints":{"allow":["GET"]}}],"collection":[{"href":"https:\/\/eldiarioantillano.com\/uno\/wp-json\/wp\/v2\/posts"}],"about":[{"href":"https:\/\/eldiarioantillano.com\/uno\/wp-json\/wp\/v2\/types\/post"}],"author":[{"embeddable":true,"href":"https:\/\/eldiarioantillano.com\/uno\/wp-json\/wp\/v2\/users\/2"}],"replies":[{"embeddable":true,"href":"https:\/\/eldiarioantillano.com\/uno\/wp-json\/wp\/v2\/comments?post=74579"}],"version-history":[{"count":1,"href":"https:\/\/eldiarioantillano.com\/uno\/wp-json\/wp\/v2\/posts\/74579\/revisions"}],"predecessor-version":[{"id":74580,"href":"https:\/\/eldiarioantillano.com\/uno\/wp-json\/wp\/v2\/posts\/74579\/revisions\/74580"}],"wp:featuredmedia":[{"embeddable":true,"href":"https:\/\/eldiarioantillano.com\/uno\/wp-json\/wp\/v2\/media\/74575"}],"wp:attachment":[{"href":"https:\/\/eldiarioantillano.com\/uno\/wp-json\/wp\/v2\/media?parent=74579"}],"wp:term":[{"taxonomy":"category","embeddable":true,"href":"https:\/\/eldiarioantillano.com\/uno\/wp-json\/wp\/v2\/categories?post=74579"},{"taxonomy":"post_tag","embeddable":true,"href":"https:\/\/eldiarioantillano.com\/uno\/wp-json\/wp\/v2\/tags?post=74579"}],"curies":[{"name":"wp","href":"https:\/\/api.w.org\/{rel}","templated":true}]}}