{"id":74530,"date":"2025-08-07T00:00:29","date_gmt":"2025-08-07T04:00:29","guid":{"rendered":"https:\/\/eldiarioantillano.com\/uno\/?p=74530"},"modified":"2025-08-06T21:25:41","modified_gmt":"2025-08-07T01:25:41","slug":"manolo-y-la-guerrilla-del-1j4","status":"publish","type":"post","link":"https:\/\/eldiarioantillano.com\/uno\/2025\/08\/07\/manolo-y-la-guerrilla-del-1j4\/","title":{"rendered":"Manolo y la guerrilla del 1J4"},"content":{"rendered":"<p>ART\u00cdCULO INVITADO<\/p>\n<p>Por Amaurys P\u00e9rez Vargas<\/p>\n<p>La<strong>\u00a0guerrilla del 14 de Junio<\/strong>\u00a0no puede entenderse sin el papel jugado por su principal art\u00edfice y creador,\u00a0<strong>Manuel Aurelio Tav\u00e1rez Justo<\/strong>, l\u00edder legendario que encarn\u00f3 la dignidad de toda una generaci\u00f3n, \u201cla generaci\u00f3n llamada Manolo\u201d, que se neg\u00f3 a traicionar al pueblo dominicano en pactos oscuros con la oligarqu\u00eda criolla y el imperialismo norteamericano. Algunos protagonistas, novelistas e historiadores han presentado la insurrecci\u00f3n de 1963 como un acto desprovisto de toda racionalidad o incluso no han dudado en calificarlo de \u201clocura\u201d, intentando por esa v\u00eda reducir su valor y significado.<\/p>\n<p>A nuestro juicio, la guerrilla fue la culminaci\u00f3n de un proceso pol\u00edtico, ideol\u00f3gico y organizativo profundamente consciente, que comprend\u00eda que la liberaci\u00f3n nacional no se iba a materializar sin la articulaci\u00f3n de una estructura s\u00f3lida que pudiera, militar y pol\u00edticamente, sostener su programa pol\u00edtico revolucionario. De acuerdo con Ra\u00fal P\u00e9rez Pe\u00f1a, \u201chab\u00eda en Manolo como en todo el 14 de Junio, una concepci\u00f3n de la lucha pol\u00edtica, propia de la \u00e9poca y del continente en la que el cierre de los caminos de lucha pac\u00edfica impon\u00eda el camino de la respuesta armada a una juventud depositaria de los m\u00e1s preciados ideales de libertad y justicia social\u201d. A partir del ajusticiamiento de Trujillo, la administraci\u00f3n del presidente John F. Kennedy traz\u00f3 sus planes pol\u00edticos para nuestra sociedad.<\/p>\n<div class=\"col-12 text-center\"><\/div>\n<p>Al momento de salir de \u201cLa Victoria\u201d. en julio de 1961, nos dice Bacho, \u201c<strong>Manolo Tav\u00e1rez<\/strong>\u00a0ya era un verdadero l\u00edder pol\u00edtico nacional. Su historial en la clandestinidad y en la c\u00e1rcel, y su coherencia pol\u00edtica se sumaron a su madera carism\u00e1tica, para proyectarse como el catalizador de los br\u00edos de la joven organizaci\u00f3n pol\u00edtica de la ense\u00f1a verdinegra\u201d. A sabiendas de que los sectores dominantes se estaban reorganizando pol\u00edtica, econ\u00f3mica y militarmente, en agosto de 1961, el 1J4 visualiz\u00f3 la necesidad de prepararse para la etapa post-Trujillo. En ese sentido, el l\u00edder montecriste\u00f1o envi\u00f3 una carta a Fidel Castro solicitando apoyo para entrenar en Cuba a dos grupos selectos de militantes. Para esta misi\u00f3n se confi\u00f3 la entrega de la misiva al Dr. Luis G\u00f3mez P\u00e9rez, quien tuvo a su vez la tarea de seleccionar a los primeros enviados.<\/p>\n<p>Adem\u00e1s de la preparaci\u00f3n en el plano militar, se atendi\u00f3 tambi\u00e9n a la cuesti\u00f3n ideol\u00f3gica orden\u00e1ndose la impresi\u00f3n de tres mil ejemplares de libros clave del marxismo, entre ellos Los fundamentos del socialismo en Cuba, de Blas Roca; Econom\u00eda pol\u00edtica, de Nikitin, y Lecciones de filosof\u00eda, de Politzer. Estos textos fueron distribuidos entre los principales dirigentes nacionales a los fines de elevar el nivel de conciencia de la militancia. De igual forma, Manolo organiz\u00f3 la Escuela secreta de Cuadros del partido, en una casa alquilada en el Kil\u00f3metro 12 de la carretera S\u00e1nchez, donde durante semanas se entrenaron decenas de militantes en pensamiento pol\u00edtico, organizaci\u00f3n clandestina y autodefensa.<\/p>\n<p>Seg\u00fan\u00a0<strong>Fidelio Despradel<\/strong>, a la saz\u00f3n secretario de organizaci\u00f3n, Manolo fue quien dise\u00f1\u00f3 personalmente los programas de estudio y seleccion\u00f3 a los profesores. A esta tarea la llam\u00f3 construir la \u201ccolumna vertebral\u201d de la organizaci\u00f3n, v\u00e9ase la infraestructura que le proporcionar\u00eda cohesi\u00f3n y direcci\u00f3n al partido de masas. Otro paso fundamental en el proceso fue la creaci\u00f3n de una f\u00e1brica clandestina de armas. Apunta Despradel que por mediaci\u00f3n de Pupo Peguero y bajo la supervisi\u00f3n del militante Caonabo Abel, se alquilaron dos casas en Alma Rosa que sirvieron como taller para la fabricaci\u00f3n de escopetas calibre 10 y 12 mil\u00edmetros. Paralelamente, Manolo autoriz\u00f3 la compra de armamento en la Armer\u00eda de San Crist\u00f3bal donde laboraba, entre otros contactos\u00a0<strong>Braulio Torres<\/strong>, quien colabor\u00f3 de manera silenciosa en los esfuerzos de armar la resistencia.<\/p>\n<p>A trav\u00e9s de sus recorridos a nivel nacional, ya sea en campos o ciudades del interior, el que fuera esposo de Minerva Mirabal pudo constatar el apoyo masivo que inspir\u00f3 su proyecto pol\u00edtico, cuyo imaginario estuvo intr\u00ednsecamente relacionado a la revoluci\u00f3n cubana. En ese orden, se puede decir que Manolo teji\u00f3 una verdadera infraestructura revolucionaria con cientos de hombres y mujeres organizados en todo el pa\u00eds, los cuales dispon\u00edan de una m\u00ednima preparaci\u00f3n ideol\u00f3gica, militar y pol\u00edtica.<\/p>\n<p>Sobre esa base, el 14 de junio de 1962, en una tarde muy lluviosa ante una multitud de m\u00e1s de 40 mil simpatizantes congregados en la puerta de El Conde, Manolo Tav\u00e1rez pronunci\u00f3 un hist\u00f3rico discurso donde le se\u00f1al\u00f3 a la reacci\u00f3n que: \u201csi imposibilitan la lucha pac\u00edfica del pueblo, el 14 de Junio sabe muy bien donde est\u00e1n las escarpadas monta\u00f1as de Quisqueya, y a ellas iremos, siguiendo el ejemplo y para realizar la obra de los h\u00e9roes de junio de 1959, a ellas iremos, y en ellas mantendremos encendida la antorcha de la libertad, de la justicia y el esp\u00edritu de la revoluci\u00f3n\u201d.<\/p>\n<p>Para comprender lo que signific\u00f3 ese instante,\u00a0<strong>Tony Raful<\/strong>\u00a0describe en su libro Movimiento 14 de Junio; Historia y documentos, que \u201cmillares de gargantas juveniles se ahogaban por la emoci\u00f3n, saltaban, ya no ten\u00edan gritos para expresarse, mov\u00edan sus manos y avanzaban sobre la tribuna, quer\u00edan sostener a Manolo con sus propias manos, cargarlo, mostrarlo orgullosos. Cuando el mitin concluy\u00f3 y las multitudes empezaron a dispersarse y a distribuirse, se o\u00edan voces y comentarios de adolescentes y j\u00f3venes enfebrecidos \u201cque grande es Manolo\u201d, \u201cManolo es m\u00e1s grande que Fidel\u201d. No hay dudas de que ese discurso expres\u00f3 el sentir de la tendencia mayoritaria dentro del partido y por qu\u00e9 no, de la izquierda revolucionaria dominicana, la cual para ese entonces era en mayor medida foquista. En la pr\u00f3xima entrega abordaremos la represi\u00f3n que sigui\u00f3 al golpe de Estado de 1963 para ir acerc\u00e1ndonos a la decisi\u00f3n del 1J4 de subir a las monta\u00f1as.<\/p>\n<p>Reproducido de hoy.com.do<\/p>\n","protected":false},"excerpt":{"rendered":"<p>ART\u00cdCULO INVITADO Por Amaurys P\u00e9rez Vargas La\u00a0guerrilla del 14 de Junio\u00a0no puede entenderse sin el&hellip;<\/p>\n","protected":false},"author":2,"featured_media":74531,"comment_status":"closed","ping_status":"closed","sticky":false,"template":"","format":"standard","meta":{"footnotes":""},"categories":[66,55],"tags":[],"class_list":["post-74530","post","type-post","status-publish","format-standard","has-post-thumbnail","hentry","category-articulo-invitado","category-nacionales"],"_links":{"self":[{"href":"https:\/\/eldiarioantillano.com\/uno\/wp-json\/wp\/v2\/posts\/74530","targetHints":{"allow":["GET"]}}],"collection":[{"href":"https:\/\/eldiarioantillano.com\/uno\/wp-json\/wp\/v2\/posts"}],"about":[{"href":"https:\/\/eldiarioantillano.com\/uno\/wp-json\/wp\/v2\/types\/post"}],"author":[{"embeddable":true,"href":"https:\/\/eldiarioantillano.com\/uno\/wp-json\/wp\/v2\/users\/2"}],"replies":[{"embeddable":true,"href":"https:\/\/eldiarioantillano.com\/uno\/wp-json\/wp\/v2\/comments?post=74530"}],"version-history":[{"count":1,"href":"https:\/\/eldiarioantillano.com\/uno\/wp-json\/wp\/v2\/posts\/74530\/revisions"}],"predecessor-version":[{"id":74533,"href":"https:\/\/eldiarioantillano.com\/uno\/wp-json\/wp\/v2\/posts\/74530\/revisions\/74533"}],"wp:featuredmedia":[{"embeddable":true,"href":"https:\/\/eldiarioantillano.com\/uno\/wp-json\/wp\/v2\/media\/74531"}],"wp:attachment":[{"href":"https:\/\/eldiarioantillano.com\/uno\/wp-json\/wp\/v2\/media?parent=74530"}],"wp:term":[{"taxonomy":"category","embeddable":true,"href":"https:\/\/eldiarioantillano.com\/uno\/wp-json\/wp\/v2\/categories?post=74530"},{"taxonomy":"post_tag","embeddable":true,"href":"https:\/\/eldiarioantillano.com\/uno\/wp-json\/wp\/v2\/tags?post=74530"}],"curies":[{"name":"wp","href":"https:\/\/api.w.org\/{rel}","templated":true}]}}