{"id":74473,"date":"2025-08-04T23:33:32","date_gmt":"2025-08-05T03:33:32","guid":{"rendered":"https:\/\/eldiarioantillano.com\/uno\/?p=74473"},"modified":"2025-08-04T23:33:32","modified_gmt":"2025-08-05T03:33:32","slug":"papas-presentes","status":"publish","type":"post","link":"https:\/\/eldiarioantillano.com\/uno\/2025\/08\/04\/papas-presentes\/","title":{"rendered":"Pap\u00e1s presentes"},"content":{"rendered":"<p style=\"text-align: left;\" align=\"right\">Por ESTHER HERN\u00c1NDEZ MEDINA<\/p>\n<p align=\"right\"><span lang=\"es-ES\"><i>La paternidad &#8216;es la militancia de criar<br \/>\ncon ternura y <\/i><\/span><span lang=\"es-ES\"><i>presencia permanente&#8217;.<\/i><\/span><span lang=\"es-ES\"><br \/>\nOctavio Pe\u00f1a<\/span><\/p>\n<p><span lang=\"es-ES\">El domingo pasado celebramos el D\u00eda del Padre en Rep\u00fablica Dominicana. Es un momento en el que muchas y muchos de ustedes, igual que yo, llamamos o visitamos a nuestros pap\u00e1s para decirles lo mucho que los queremos y si ya no est\u00e1n vivos, les recordamos con cari\u00f1o y deseando que estuvieran todav\u00eda aqu\u00ed. Y si nos llevamos de lo que vemos en las redes sociales, el D\u00eda del Padre es una fecha importante en el calendario de muchas otras personas. <\/span><\/p>\n<p><span lang=\"es-ES\">Sin embargo, casi todos los a\u00f1os en mi chat del colegio, varios de los varones bromean sobre la poca importancia que le damos a este d\u00eda en comparaci\u00f3n con el D\u00eda de la Madre. A veces mandan fotos de lo semivac\u00edas que est\u00e1n las tiendas de la Duarte o de la Mella los d\u00edas antes y bromean con tono casi de v\u00edctima de telenovela que eso nunca ocurre en la semana antes del D\u00eda de la Madre. Otras veces mandan chistes sobre c\u00f3mo los padres siempre reciben lo mismo, unas medias o unos pa\u00f1uelos, algo que nunca pasa con las madres. Y en las redes circulan memes como el del hombre con una pancarta que dice \u201csi su esposa pelea en estos d\u00edas, no le haga caso que es para evitar darle su regalo en el D\u00eda del Padre\u201d. <\/span><\/p>\n<p><span lang=\"es-ES\">Suena a chiste, pero estas bromas, adem\u00e1s de expresar el pique sentido y leg\u00edtimo de mis amigos y de otros pap\u00e1s, nos recuerdan que en muchas sociedades vemos la paternidad y la maternidad de manera muy diferente. En el caso dominicano, por ejemplo, todav\u00eda somos un pa\u00eds en el que a los padres solo les damos 2 d\u00edas para estar con sus beb\u00e9s cuando nacen a pesar de que la C\u00e1mara de Diputados ya ha aprobado la propuesta de extender la licencia de paternidad en dos ocasiones. Como sociedad parece que todav\u00eda no entendemos que los padres deben estar presentes no solo para apoyar a sus compa\u00f1eras que acaban de dar a luz, sino tambi\u00e9n para crear su propio v\u00ednculo con sus hijos e hijas. Y deber\u00edamos usar la misma l\u00f3gica para quienes se convierten en padres y madres a trav\u00e9s de la adopci\u00f3n. <\/span><\/p>\n<p><span lang=\"es-ES\">Este patr\u00f3n se repite y refuerza m\u00e1s tarde porque todav\u00eda mucha gente cree que la crianza y el cuidado de esas hijas e hijos es responsabilidad \u00fanica de las madres cuando en realidad debe ser una responsabilidad compartida entre padres, madres y el resto del entorno familiar de abuelos, abuelas, t\u00edos y t\u00edas y otras personas sea que vivan o no en el mismo hogar. Este patr\u00f3n se ve todav\u00eda en las opiniones que se permiten algunas figuras p\u00fablicas que contin\u00faan en el pasado (como el que cree que fregar es una amenaza existencial para los hombres). Y se refleja tambi\u00e9n en que las <\/span><span style=\"color: #467886;\"><u><a href=\"https:\/\/www.one.gob.do\/publicaciones\/2024\/panorama-estadistico-116-horas-ocultas-analisis-del-trabajo-no-remunerado-a-traves-del-modulo-sobre-uso-del-tiempo-de-la-enhogar-2021\/\"><span style=\"color: #000000;\"><span lang=\"es-ES\">mujeres dominicanas dedican mucho m\u00e1s tiempo<\/span><\/span><\/a><\/u><\/span><span lang=\"es-ES\"> (16.4 horas semanales) que los hombres (9.6 horas semanales) a cuidar de otras personas: los ni\u00f1os y ni\u00f1as, las personas mayores y las personas con discapacidad. Y si a eso le sumamos el tiempo que se usa en limpiar, fregar y el resto del trabajo dom\u00e9stico que se hace sin pago, las mujeres dedican m\u00e1s del doble del tiempo del que los hombres destinan a estas labores tan importantes. <\/span><\/p>\n<p><span lang=\"es-ES\">El problema es que estos estereotipos no nos dejan avanzar y construir relaciones de pareja, familias y sociedades m\u00e1s justas en las que todo el mundo pueda decidir si tiene o no tiene hijos\/as y, en caso de decidir que s\u00ed, cuente con el apoyo necesario para hacerlo. Por eso en la <\/span><span style=\"color: #467886;\"><u><a href=\"https:\/\/www.instagram.com\/tertuliafeministamp\/?hl=en\"><span style=\"color: #000000;\"><span lang=\"es-ES\">Tertulia Feminista Magaly Pineda<\/span><\/span><\/a><\/u><\/span><span lang=\"es-ES\"> decidimos conmemorar el D\u00eda del Padre de una manera un poco diferente. La Tertulia Feminista es un espacio de di\u00e1logo y aprendizaje que cofundamos la abogada Yildalina Tatem Brache y yo hace m\u00e1s de 9 a\u00f1os y en la que el equipo de coordinaci\u00f3n actual (Rossy Matos, Ang\u00e9lica Rodr\u00edguez, Rosal\u00eda Pi\u00f1a, Riamny M\u00e9ndez y una servidora) organizamos eventos abiertos al p\u00fablico para conversar sobre c\u00f3mo construir sociedades en las que quepamos todas las personas. En esta ocasi\u00f3n, quer\u00edamos hacer visible lo importante que es el rol de los hombres en la vida de sus hijos e hijas. Los padres presentes, amorosos y responsables son cada vez m\u00e1s como podemos ver en las calles, barrios y campos del pa\u00eds con los hombres que cargan a sus beb\u00e9s y van de la mano con sus ni\u00f1as y ni\u00f1os. Esta misma semana escuch\u00e9 en la calle a uno de ellos (ya ustedes saben, una de esas personas que habla tan alto en el celular que todo el mundo se entera) felicitando a un amigo por convertirse en pap\u00e1 dici\u00e9ndole que \u201cno hay satisfacci\u00f3n m\u00e1s grande que tener un ni\u00f1o\u201d. Pero esta forma m\u00e1s abierta y no violenta de ejercer la paternidad todav\u00eda no es lo suficientemente reconocida. <\/span><\/p>\n<p><span lang=\"es-ES\">Por eso organizamos una tertulia que titulamos \u201c<\/span><span style=\"color: #467886;\"><u><a href=\"https:\/\/acento.com.do\/actualidad\/tertulia-feminista-magaly-pineda-invita-a-conversatorio-sobre-la-paternidad-con-tony-almont-miguel-yarull-y-octavio-pena-9528497.html\"><span style=\"color: #000000;\"><span lang=\"es-ES\">Pap\u00e1s Presentes: Cuidan y Aman<\/span><\/span><\/a><\/u><\/span><span lang=\"es-ES\">\u201d y que tuvimos el s\u00e1bado pasado con tres superpap\u00e1s a quienes invitamos a compartir sus experiencias y lo transcendental que este rol ha sido para ellos. Con apoyo del <\/span><span style=\"color: #467886;\"><u><a href=\"https:\/\/mujer.gob.do\/\"><span style=\"color: #000000;\"><span lang=\"es-ES\">Ministerio de la Mujer<\/span><\/span><\/a><\/u><\/span><span lang=\"es-ES\"> y del colectivo period\u00edstico <\/span><span style=\"color: #467886;\"><u><a href=\"https:\/\/www.instagram.com\/libertariasrd\/?hl=en\"><span style=\"color: #000000;\"><span lang=\"es-ES\">Libertarias<\/span><\/span><\/a><\/u><\/span><span lang=\"es-ES\">, tuvimos una conversaci\u00f3n hermos\u00edsima que tuve el honor de moderar en la reci\u00e9n inaugurada Escuela de Igualdad <\/span><span style=\"color: #467886;\"><u><a href=\"https:\/\/acento.com.do\/opinion\/magaly-pineda-feminista-visionaria-y-pionera-9320444.html\"><span style=\"color: #000000;\"><span lang=\"es-ES\">Magaly Pineda<\/span><\/span><\/a><\/u><\/span><span lang=\"es-ES\"> del Ministerio; nombrada en honor a la destacada activista feminista dominicana que fue mi jefa y amiga y a quien tambi\u00e9n honramos con el nombre de la Tertulia. <\/span><\/p>\n<p><span lang=\"es-ES\">Los tertuliantes fueron el cantante, m\u00fasico y actor Tony Almont, el escritor y guionista Miguel Yarull y el soci\u00f3logo y activista social Octavio Pe\u00f1a. Los tres, como dije cuando les present\u00e9 al inicio del evento, hab\u00edan aceptado nuestra invitaci\u00f3n entusiasmados y m\u00e1s r\u00e1pido que inmediatamente. Los tres, como pudimos ver las personas que tuvimos el placer de estar presentes, nos abrieron el coraz\u00f3n y nos regalaron no solo sus reflexiones, sino sus emociones al punto de emocionar tambi\u00e9n a quienes les escuchamos. <\/span><\/p>\n<p><span lang=\"es-ES\">El primer tema que emergi\u00f3 en la conversaci\u00f3n fue el de \u201cla enormidad\u201d de la tarea que es ser pap\u00e1s, para usar las palabras de Miguel Yarull. Como plante\u00f3 Octavio, la paternidad es \u201cun proceso constante de crecimiento y tambi\u00e9n de aprendizaje\u201d porque \u201cno hay un manual\u2026 y uno lo va aprendiendo en el d\u00eda a d\u00eda\u201d. Para Miguel la paternidad es tener, hasta 20 a\u00f1os despu\u00e9s, \u201cun sentimiento maravilloso que esta persona exista\u201d mientras que Tony nos confes\u00f3 que la paternidad \u201ces un compromiso con mi pap\u00e1, con mi hijo y conmigo mismo para entender de d\u00f3nde vengo y a d\u00f3nde voy\u201d.<\/span><\/p>\n<p><span lang=\"es-ES\">Uno de los momentos del di\u00e1logo que m\u00e1s reson\u00f3 con quienes est\u00e1bamos ah\u00ed fue cuando los tres tertuliantes destacaron la manera profunda en que la paternidad les ha cambiado. Tony destac\u00f3 que la paternidad \u201ces la responsabilidad m\u00e1s grande que he tenido\u201d y como padre su gu\u00eda ha sido algo que su pap\u00e1 le dijo en un momento dif\u00edcil: \u201ct\u00fa no puedes dejar de hacer ning\u00fan sacrificio por tu hijo porque t\u00fa no sabes lo que \u00e9l va a recordar\u201d. Los tres destacaron la fragilidad y apertura que la paternidad exige porque, como dijo Tony, \u201chay que ser coherentes hasta en el dolor\u201d y \u201cyo ten\u00eda que tener conversaciones con mi hijo sobre cosas que yo no ten\u00eda resueltas\u201d. Miguel tambi\u00e9n enfatiz\u00f3 que \u201csi algo tiene la paternidad es que pone una lupa sobre tus defectos\u201d y te muestra \u201cen quien t\u00fa te has convertido como persona\u201d. <\/span><\/p>\n<p><span lang=\"es-ES\">La profundidad del compromiso que representa la paternidad es tal que para Octavio, \u201cmi nueva vida inicio el d\u00eda que ella [su hija] naci\u00f3\u201d. Por eso Tony tambi\u00e9n se refiri\u00f3 a la importancia de tomarse muy en serio la decisi\u00f3n de ser o no pap\u00e1 y dejar atr\u00e1s la idea de que los hombres pueden tener todos los hijos o hijas que quieran porque \u201cdisque que son de las mujeres\u201d. Los tres enfatizaron que ser pap\u00e1s es un trabajo 24\/7 lleno de retos como explic\u00f3 Miguel y que \u201cle cambia totalmente el chip a uno\u201d como destac\u00f3 Octavio. <\/span><\/p>\n<p><span lang=\"es-ES\">Otro tema que sali\u00f3 en el di\u00e1logo fue el recordarnos que todos los seres humanos tenemos la capacidad de cuidar a otras personas y esa capacidad, como todas, es una habilidad que se desarrolla en la pr\u00e1ctica. Como nos dijo Octavio, no se trata de que haya tareas que nos corresponde hacer por ser hombre o por ser mujer sino tareas que todo el mundo deber\u00edamos aprender (cuidar, limpiar, cocinar, trabajar fuera de la casa) para \u201cser personas funcionales\u201d. Y cuando alguien del p\u00fablico les pregunt\u00f3 c\u00f3mo hab\u00edan logrado superar la forma tradicional de ser hombres y de ser pap\u00e1s de nuestra sociedad, Tony destac\u00f3 que su mam\u00e1 fue quien lo cri\u00f3 para ser independiente y para ella ser independiente era saber \u201ccoser un pantal\u00f3n, cocinar, fregar, limpiar, hacer todo lo de la casa\u201d para que la \u00fanica raz\u00f3n para estar con una mujer fuera el amor y el deseo de \u201ctraer algo a la mesa de la relaci\u00f3n\u201d. <\/span><\/p>\n<p><span lang=\"es-ES\">Por eso me llam\u00f3 la atenci\u00f3n que en las an\u00e9cdotas y lecciones que tan generosamente nos compartieron Octavio, Miguel y Tony, estaban presentes dilemas similares a los que les escuchamos a nuestras tertuliantes dos meses antes cuando hicimos un <\/span><span style=\"color: #467886;\"><u><a href=\"https:\/\/acento.com.do\/actualidad\/entre-el-amor-y-el-caos-una-tertulia-sobre-los-retos-de-la-maternidad-en-la-republica-dominicana-9503913.html\"><span style=\"color: #000000;\"><span lang=\"es-ES\">evento similar sobre la maternidad<\/span><\/span><\/a><\/u><\/span><span lang=\"es-ES\">: el tiempo que nunca es suficiente, el cansancio constante, la importancia de crear un v\u00ednculo aut\u00e9ntico y basado en el respeto con los hijos e hijas y la necesidad de reconocer las propias fallas. Tambi\u00e9n una de las preguntas de los hombres j\u00f3venes presentes fue sobre estos desaf\u00edos y es una pregunta que generalmente solo se les hace a las mujeres: \u00bfc\u00f3mo compatibilizar el tener hijos\/as con la vida profesional? Y la respuesta, tanto de Octavio como de Miguel, fue pragm\u00e1tica y po\u00e9tica a la vez: es fundamental contar con una red de apoyo de familiares y amistades y estar consciente de que \u201cestar\u00e1s siempre cansado pero feliz\u201d. <\/span><\/p>\n<p><span lang=\"es-ES\">Por \u00faltimo, la conversaci\u00f3n con Miguel, Tony y Octavio nos reafirm\u00f3 lo importante que es que los hombres tengan este tipo de conversaciones y aprendan unos de otros como recalc\u00f3 el mismo Tony. (Si quieren ver m\u00e1s ejemplos de este tipo de iniciativas inclu\u00ed varios en <\/span><span style=\"color: #467886;\"><u><a href=\"https:\/\/acento.com.do\/opinion\/los-varones-dulces-9287529.html\"><span lang=\"es-ES\">esta columna<\/span><\/a><\/u><\/span><span lang=\"es-ES\">). Incluso, el cierre perfecto del evento fue que las \u00faltimas dos preguntas fueron justamente de dos de los hombres j\u00f3venes que asistieron y se abrieron a aprender de los tertuliantes incluyendo la que ya les mencion\u00e9 de c\u00f3mo combinar la vida profesional con la familiar. La otra pregunta fue sobre c\u00f3mo los tres respond\u00edan a la presi\u00f3n social y las burlas de otras personas por ir en contra de lo que tradicionalmente entendemos que deben ser y hacer los hombres. Los tres de diferentes maneras contestaron que lo importante es enfocarnos en lo que queremos hacer con nuestras vidas. En otro momento Miguel destac\u00f3 que los hombres pueden construir una forma diferente y abierta de ser padres aunque no hayan tenido ese modelo con sus propios pap\u00e1s. Lo crucial es dejar atr\u00e1s esas ideas del pasado y estar claros de que, como dijo el mismo Miguel, \u201cyo estoy donde quiero estar\u201d. <\/span><\/p>\n","protected":false},"excerpt":{"rendered":"<p>Por ESTHER HERN\u00c1NDEZ MEDINA La paternidad &#8216;es la militancia de criar con ternura y presencia&hellip;<\/p>\n","protected":false},"author":2,"featured_media":66217,"comment_status":"closed","ping_status":"closed","sticky":false,"template":"","format":"standard","meta":{"footnotes":""},"categories":[70,55,51],"tags":[],"class_list":["post-74473","post","type-post","status-publish","format-standard","has-post-thumbnail","hentry","category-esther-hernandez-medina","category-nacionales","category-opinion"],"_links":{"self":[{"href":"https:\/\/eldiarioantillano.com\/uno\/wp-json\/wp\/v2\/posts\/74473","targetHints":{"allow":["GET"]}}],"collection":[{"href":"https:\/\/eldiarioantillano.com\/uno\/wp-json\/wp\/v2\/posts"}],"about":[{"href":"https:\/\/eldiarioantillano.com\/uno\/wp-json\/wp\/v2\/types\/post"}],"author":[{"embeddable":true,"href":"https:\/\/eldiarioantillano.com\/uno\/wp-json\/wp\/v2\/users\/2"}],"replies":[{"embeddable":true,"href":"https:\/\/eldiarioantillano.com\/uno\/wp-json\/wp\/v2\/comments?post=74473"}],"version-history":[{"count":1,"href":"https:\/\/eldiarioantillano.com\/uno\/wp-json\/wp\/v2\/posts\/74473\/revisions"}],"predecessor-version":[{"id":74474,"href":"https:\/\/eldiarioantillano.com\/uno\/wp-json\/wp\/v2\/posts\/74473\/revisions\/74474"}],"wp:featuredmedia":[{"embeddable":true,"href":"https:\/\/eldiarioantillano.com\/uno\/wp-json\/wp\/v2\/media\/66217"}],"wp:attachment":[{"href":"https:\/\/eldiarioantillano.com\/uno\/wp-json\/wp\/v2\/media?parent=74473"}],"wp:term":[{"taxonomy":"category","embeddable":true,"href":"https:\/\/eldiarioantillano.com\/uno\/wp-json\/wp\/v2\/categories?post=74473"},{"taxonomy":"post_tag","embeddable":true,"href":"https:\/\/eldiarioantillano.com\/uno\/wp-json\/wp\/v2\/tags?post=74473"}],"curies":[{"name":"wp","href":"https:\/\/api.w.org\/{rel}","templated":true}]}}