{"id":74418,"date":"2025-08-02T00:13:12","date_gmt":"2025-08-02T04:13:12","guid":{"rendered":"https:\/\/eldiarioantillano.com\/uno\/?p=74418"},"modified":"2025-08-05T21:22:35","modified_gmt":"2025-08-06T01:22:35","slug":"catalejo-insomnio-y-tratamiento-2","status":"publish","type":"post","link":"https:\/\/eldiarioantillano.com\/uno\/2025\/08\/02\/catalejo-insomnio-y-tratamiento-2\/","title":{"rendered":"CATALEJO: Insomnio y tratamiento (II)"},"content":{"rendered":"\n<p>Por ANULFO MATEO P\u00c9REZ<\/p>\n\n\n\n<p>2 de 3<\/p>\n\n\n<div class=\"wp-block-image is-style-rounded\">\n<figure class=\"alignright size-thumbnail\"><img decoding=\"async\" width=\"150\" height=\"150\" src=\"https:\/\/eldiarioantillano.com\/uno\/wp-content\/uploads\/2023\/12\/Anulfo-Mateo-Perez-catalejo-columna-780x470-1-e1704860213105-150x150.jpg\" alt=\"\" class=\"wp-image-64779\"\/><figcaption class=\"wp-element-caption\">Anulfo Mateo P\u00e9rez<\/figcaption><\/figure>\n<\/div>\n\n\n<p>El ritmo circadiano (\u201creloj\u201d biol\u00f3gico), con un ciclo aproximado de 24 horas, regula diversas funciones del organismo, incluyendo el sue\u00f1o, la temperatura corporal, secreci\u00f3n hormonal y el estado de alerta. La luz y la oscuridad son factores ambientales claves, influyendo en la sincronizaci\u00f3n de este reloj biol\u00f3gico.<\/p>\n\n\n\n<p>Entre las alteraciones causales del insomnio se encuentran las mioclon\u00edas nocturnas (contracciones musculares repetitivas involuntarias), que despiertan al sujeto; pueden producir calambres dolorosos.<\/p>\n\n\n\n<p>El s\u00edndrome de \u201cpiernas inquietas\u201d se asocia en general a las molestias se\u00f1aladas anteriormente, que impiden conciliar el sue\u00f1o y el dormir profundo, provocando s\u00edntomas diversos.<\/p>\n\n\n\n<p>La apnea nocturna (dificultad para respirar y oxigenar bien la sangre) es caracter\u00edstica de los obesos y\/o roncadores. A veces es de origen central, otras veces es perif\u00e9rico, con extrema relajaci\u00f3n de los m\u00fasculos nasofar\u00edngeos.<\/p>\n\n\n\n<p>Tambi\u00e9n se describe el insomnio ast\u00e9nico, obsesivo, man\u00edaco y por esquizofrenia, en confusiones mentales, oligofrenia, en las demencias, hipertensi\u00f3n arterial e insuficiencia card\u00edaca, insuficiencia renal e hipertiroidismo.<\/p>\n\n\n\n<p>Asimismo, insomnio por obesidad y anorexia nerviosa (falta de apetito de origen ps\u00edquico, con p\u00e9rdida de peso), por s\u00edndromes febriles y dolorosos; de origen secundario, donde intervienen los psicof\u00e1rmacos y otras sustancias psicoactivas.<\/p>\n\n\n\n<p>La anfetamina, anorex\u00edgenos, la cafe\u00edna (esta \u00faltima provoca un estado de estimulaci\u00f3n ps\u00edquica y de hiperexcitabilidad muscular, llamado cafeinismo (este estado tambi\u00e9n es observado en otras infusiones similares).<\/p>\n\n\n\n<p>Se suman los psicot\u00f3xicos, como los derivados de la marihuana, tabaco, alcohol y bebidas azucaradas que contienen \u201ccola\u201d, impidiendo el buen dormir.<\/p>\n","protected":false},"excerpt":{"rendered":"<p>Por ANULFO MATEO P\u00c9REZ 2 de 3 El ritmo circadiano (\u201creloj\u201d biol\u00f3gico), con un ciclo&hellip;<\/p>\n","protected":false},"author":2,"featured_media":64779,"comment_status":"open","ping_status":"open","sticky":false,"template":"","format":"standard","meta":{"footnotes":""},"categories":[54,51],"tags":[],"class_list":["post-74418","post","type-post","status-publish","format-standard","has-post-thumbnail","hentry","category-anulfo-mateo","category-opinion"],"_links":{"self":[{"href":"https:\/\/eldiarioantillano.com\/uno\/wp-json\/wp\/v2\/posts\/74418","targetHints":{"allow":["GET"]}}],"collection":[{"href":"https:\/\/eldiarioantillano.com\/uno\/wp-json\/wp\/v2\/posts"}],"about":[{"href":"https:\/\/eldiarioantillano.com\/uno\/wp-json\/wp\/v2\/types\/post"}],"author":[{"embeddable":true,"href":"https:\/\/eldiarioantillano.com\/uno\/wp-json\/wp\/v2\/users\/2"}],"replies":[{"embeddable":true,"href":"https:\/\/eldiarioantillano.com\/uno\/wp-json\/wp\/v2\/comments?post=74418"}],"version-history":[{"count":2,"href":"https:\/\/eldiarioantillano.com\/uno\/wp-json\/wp\/v2\/posts\/74418\/revisions"}],"predecessor-version":[{"id":74523,"href":"https:\/\/eldiarioantillano.com\/uno\/wp-json\/wp\/v2\/posts\/74418\/revisions\/74523"}],"wp:featuredmedia":[{"embeddable":true,"href":"https:\/\/eldiarioantillano.com\/uno\/wp-json\/wp\/v2\/media\/64779"}],"wp:attachment":[{"href":"https:\/\/eldiarioantillano.com\/uno\/wp-json\/wp\/v2\/media?parent=74418"}],"wp:term":[{"taxonomy":"category","embeddable":true,"href":"https:\/\/eldiarioantillano.com\/uno\/wp-json\/wp\/v2\/categories?post=74418"},{"taxonomy":"post_tag","embeddable":true,"href":"https:\/\/eldiarioantillano.com\/uno\/wp-json\/wp\/v2\/tags?post=74418"}],"curies":[{"name":"wp","href":"https:\/\/api.w.org\/{rel}","templated":true}]}}