{"id":74406,"date":"2025-08-02T00:00:39","date_gmt":"2025-08-02T04:00:39","guid":{"rendered":"https:\/\/eldiarioantillano.com\/uno\/?p=74406"},"modified":"2025-08-05T00:03:42","modified_gmt":"2025-08-05T04:03:42","slug":"haran-curso-de-reanimacion-y-primeros-auxilios-en-montecristi","status":"publish","type":"post","link":"https:\/\/eldiarioantillano.com\/uno\/2025\/08\/02\/haran-curso-de-reanimacion-y-primeros-auxilios-en-montecristi\/","title":{"rendered":"Har\u00e1n curso de reanimaci\u00f3n y primeros auxilios en Montecristi"},"content":{"rendered":"\n<p>El entrenamiento estar\u00e1 a cargo del Dr. Jochi P\u00e9rez en el Club N\u00e1utico y es dirigido especialmente a los auxiliares navales. Ser\u00e1 este\u00a0s\u00e1bado 2 de agosto de 2025, de 5:00 p.m. a 7:00 p.m.<br><\/p>\n","protected":false},"excerpt":{"rendered":"<p>El entrenamiento estar\u00e1 a cargo del Dr. Jochi P\u00e9rez en el Club N\u00e1utico y es&hellip;<\/p>\n","protected":false},"author":2,"featured_media":74407,"comment_status":"open","ping_status":"open","sticky":false,"template":"","format":"standard","meta":{"footnotes":""},"categories":[57],"tags":[],"class_list":["post-74406","post","type-post","status-publish","format-standard","has-post-thumbnail","hentry","category-montecristi"],"_links":{"self":[{"href":"https:\/\/eldiarioantillano.com\/uno\/wp-json\/wp\/v2\/posts\/74406","targetHints":{"allow":["GET"]}}],"collection":[{"href":"https:\/\/eldiarioantillano.com\/uno\/wp-json\/wp\/v2\/posts"}],"about":[{"href":"https:\/\/eldiarioantillano.com\/uno\/wp-json\/wp\/v2\/types\/post"}],"author":[{"embeddable":true,"href":"https:\/\/eldiarioantillano.com\/uno\/wp-json\/wp\/v2\/users\/2"}],"replies":[{"embeddable":true,"href":"https:\/\/eldiarioantillano.com\/uno\/wp-json\/wp\/v2\/comments?post=74406"}],"version-history":[{"count":2,"href":"https:\/\/eldiarioantillano.com\/uno\/wp-json\/wp\/v2\/posts\/74406\/revisions"}],"predecessor-version":[{"id":74508,"href":"https:\/\/eldiarioantillano.com\/uno\/wp-json\/wp\/v2\/posts\/74406\/revisions\/74508"}],"wp:featuredmedia":[{"embeddable":true,"href":"https:\/\/eldiarioantillano.com\/uno\/wp-json\/wp\/v2\/media\/74407"}],"wp:attachment":[{"href":"https:\/\/eldiarioantillano.com\/uno\/wp-json\/wp\/v2\/media?parent=74406"}],"wp:term":[{"taxonomy":"category","embeddable":true,"href":"https:\/\/eldiarioantillano.com\/uno\/wp-json\/wp\/v2\/categories?post=74406"},{"taxonomy":"post_tag","embeddable":true,"href":"https:\/\/eldiarioantillano.com\/uno\/wp-json\/wp\/v2\/tags?post=74406"}],"curies":[{"name":"wp","href":"https:\/\/api.w.org\/{rel}","templated":true}]}}