{"id":74401,"date":"2025-08-01T01:28:03","date_gmt":"2025-08-01T05:28:03","guid":{"rendered":"https:\/\/eldiarioantillano.com\/uno\/?p=74401"},"modified":"2025-08-01T01:28:04","modified_gmt":"2025-08-01T05:28:04","slug":"chile-hacia-unas-elecciones-polarizadas","status":"publish","type":"post","link":"https:\/\/eldiarioantillano.com\/uno\/2025\/08\/01\/chile-hacia-unas-elecciones-polarizadas\/","title":{"rendered":"Chile hacia unas elecciones polarizadas"},"content":{"rendered":"\n<p>Santiago de Chile (Prensa Latina) Si las encuestas contin\u00faan como hasta hoy, las elecciones presidenciales en Chile podr\u00edan definirse entre candidatos con posiciones diametralmente opuestas: Jeannette Jara, del Partido Comunista, y Jos\u00e9 Antonio Kast, de la extrema derecha.<\/p>\n\n\n\n<p>La mayor\u00eda de sondeos, entre ellos Pulso Ciudadano y Black and White, ubican en primera posici\u00f3n a Jara, seguida por Kast, aunque en el \u00faltimo de Cadem el aspirante republicano pas\u00f3 al frente y dej\u00f3 en segundo plano a la abanderada de la izquierda, el progresismo y la socialdemocracia.<\/p>\n\n\n\n<p>Recientemente, las dos cartas mejor posicionadas, a las que se sum\u00f3 la postulada por la alianza de derecha Chile Vamos y tercera en las encuestas, Evelyn Matthei, participaron en los primeros debates transmitidos por la televisi\u00f3n.<\/p>\n\n\n\n<p>Estuvieron en encuentros con productores acu\u00edcolas, representantes del transporte de carga y de la C\u00e1mara de Comercio de Santiago, entre otros sectores.<\/p>\n\n\n\n<p>Si bien hubo espacio para que presentaran sus propuestas, no faltaron las tensiones, iron\u00edas y los dardos, en lo que se avizora ser\u00e1 una campa\u00f1a muy polarizada.<\/p>\n\n\n\n<p>\u201cEs importante consignar que actualmente estamos viendo un fen\u00f3meno at\u00edpico aqu\u00ed en el cual los ejes de an\u00e1lisis se est\u00e1n moviendo hacia los polos\u201d, declar\u00f3 a Prensa Latina la doctora en Ciencias Sociales Marcela Vera. Explic\u00f3 que el centro pol\u00edtico se ha vaciado y hay una migraci\u00f3n de los electores hacia la ultraderecha o la izquierda.<\/p>\n\n\n\n<p>De acuerdo con la economista y acad\u00e9mica de la Universidad de Santiago de Chile, los votantes que migran son aquellos que vieron incumplidas las promesas de igualdad de oportunidades y mejores condiciones de vida o trabajo.<\/p>\n\n\n\n<p>En los debates los candidatos mostraron sus notables diferencias. Kast defiende la econom\u00eda de libre mercado, la desregulaci\u00f3n, el achicamiento del Estado y la aplicaci\u00f3n de pol\u00edticas de mano dura contra la delincuencia y la inmigraci\u00f3n.<\/p>\n\n\n\n<p>Jara aboga por aplicar la \u201cmano inteligente\u201d, priorizar el di\u00e1logo, y aunque a\u00fan se desconoce su programa de gobierno, est\u00e1 determinada a no retroceder en derechos, mejorar los salarios y reforzar la salud p\u00fablica.<\/p>\n\n\n\n<p>\u201cElla es una figura reconocida por su labor como ministra de Trabajo. El aumento del salario m\u00ednimo, la jornada laboral de 40 horas y la reforma de pensiones, fueron logros de su gesti\u00f3n\u201d, record\u00f3 Vera.<\/p>\n\n\n\n<p>De acuerdo con la analista, ah\u00ed hay una base que le permite al ciudadano de a pie observar la presencia de una candidata capaz de realizar acciones en favor de las mayor\u00edas.<\/p>\n\n\n\n<p>Kast est\u00e1 ofreciendo a los m\u00e1s j\u00f3venes y a la clase media emergente un proyecto de liberalizaci\u00f3n excesiva, como la de Javier Milei en Argentina, que para ellos es nuevo, pero realmente es una receta vieja y fracasada, advirti\u00f3.<\/p>\n\n\n\n<p>En opini\u00f3n de nuestra entrevistada, quien represente la capacidad de transformaci\u00f3n del pa\u00eds y al mismo tiempo de gobernanza recibir\u00e1 el apoyo en las elecciones de fines de a\u00f1o.<\/p>\n\n\n\n<p><strong>\u00bfQUI\u00c9NES SON LOS PRINCIPALES CANDIDATOS?<\/strong><\/p>\n\n\n\n<p>Jeannette Jara: naci\u00f3 el 23 de abril de 1974 y es originaria de la poblaci\u00f3n El Cortijo, en la comuna capitalina de Conchal\u00ed.<\/p>\n\n\n\n<p>Hija de una trabajadora de casa particular y de un t\u00e9cnico mec\u00e1nico, a los 14 a\u00f1os ingres\u00f3 en las Juventudes Comunistas y luego en el Partido.<\/p>\n\n\n\n<p>En 1997 ocup\u00f3 el cargo de presidenta de la Federaci\u00f3n de Estudiantes de la Universidad de Santiago (Usach) y posteriormente fue dirigente sindical de la Asociaci\u00f3n de Fiscalizadores del Servicio de Impuestos Internos.<\/p>\n\n\n\n<p>Jara es graduada de Administraci\u00f3n P\u00fablica y de abogada en la Usach y la Universidad Central, respectivamente.<\/p>\n\n\n\n<p>Se desempe\u00f1\u00f3 como subsecretaria de Previsi\u00f3n Social durante el segundo mandato de la expresidenta Michelle Bachelet y en el actual gobierno asumi\u00f3 como ministra del Trabajo el 11 de marzo de 2022 hasta su renuncia para aspirar a la presidencia.<\/p>\n\n\n\n<p>En las primarias del oficialismo, celebradas el 29 de junio, result\u00f3 electa con m\u00e1s del 60 por ciento de los votos y se convirti\u00f3 en la abanderada del pacto Unidad por Chile.<\/p>\n\n\n\n<p>All\u00ed confluyen ocho partidos que van desde la izquierda al centro: Comunistas, Socialistas, Radicales, Liberales, Por la Democracia, Acci\u00f3n Humanista, Frente Amplio y Federaci\u00f3n Regionalista Verde Social.<\/p>\n\n\n\n<p>A ellos se sum\u00f3 recientemente la Democracia Cristiana, cuya Junta Nacional aprob\u00f3 por 63 por ciento de los votos apoyar su campa\u00f1a e ir con el oficialismo en una lista parlamentaria \u00fanica a los comicios de noviembre.<\/p>\n\n\n\n<p>Jos\u00e9 Antonio Kast: naci\u00f3 el 18 de enero de 1966 en Santiago. Sus progenitores, Miguel Kast Schindele y Olga Rist, fueron inmigrantes alemanes que llegaron a Chile a finales de 1950.<\/p>\n\n\n\n<p>Egresado de abogado en la Pontificia Universidad Cat\u00f3lica, asumi\u00f3 su primer cargo p\u00fablico en 1996 como concejal en la alcald\u00eda de Buin y ejerci\u00f3 como diputado durante varios per\u00edodos entre 2002 y 2018.<\/p>\n\n\n\n<p>Kast present\u00f3 su candidatura presidencial en tres ocasiones: 2017, 2021 y 2025.<\/p>\n\n\n\n<p>La carta del Partido Republicano cuenta tambi\u00e9n con el apoyo del Social Cristiano, integrado por evang\u00e9licos.<\/p>\n\n\n\n<p>Evelyn Matthei (Santiago, 11 de noviembre de 1953). Su padre Fernando Matthei ocup\u00f3 altos puestos durante la dictadura de Augusto Pinochet. Entre 1976 y 1978 fue ministro de Salud; miembro de la Junta Militar 1978-1990 y Comandante en jefe de la Fuerza A\u00e9rea (1978-1991).<\/p>\n\n\n\n<p>Licenciada en Econom\u00eda, Evelyn Matthei pertenece al partido de derecha Uni\u00f3n Dem\u00f3crata Independiente (UDI), formaci\u00f3n por la que result\u00f3 electa senadora entre 1998 y 2011, y diputada entre 1990 y 1998.<\/p>\n\n\n\n<p>En el gobierno de Sebasti\u00e1n Pi\u00f1era ocup\u00f3 el cargo de ministra del Trabajo y Previsi\u00f3n Social (2011-2013) y, adem\u00e1s, fue alcaldesa de la comuna capitalina de Providencia en dos per\u00edodos consecutivos, de 2016 a 2024.<\/p>\n\n\n\n<p>Ahora es la abanderada de la coalici\u00f3n Chile Vamos, que integran, adem\u00e1s de la UDI, a Renovaci\u00f3n Nacional y Ev\u00f3poli. Tambi\u00e9n apoya su candidatura el partido Amarillos.<\/p>\n\n\n\n<p>Adem\u00e1s de Kast, Jara y Matthei, en las elecciones de noviembre competir\u00e1n Franco Parisi, del Partido de la Gente, y Johannes Kaiser, del Nacional Libertario, cercano a las ideas de Javier Milei, a los cuales podr\u00edan sumarse otros nombres porque a\u00fan est\u00e1 abierta la inscripci\u00f3n.<\/p>\n\n\n\n<p>Para la analista Marcela Vera es muy posible una segunda vuelta Jara-Kast, porque Matthei ha perdido mucho en la intenci\u00f3n de votos y esos sufragios se est\u00e1n yendo hacia los polos.<\/p>\n\n\n\n<p>Sobre las prioridades del pr\u00f3ximo gobierno, consider\u00f3 que algunas est\u00e1n en las encuestas y otras no. Mencion\u00f3 entre ellas resolver problemas del desempleo, la inseguridad, las listas de espera en salud y los temas de infraestructura en la educaci\u00f3n.<\/p>\n\n\n\n<p>Pero tambi\u00e9n otras que tienen que ver con la industrializaci\u00f3n para dejar de vender materia prima, producir art\u00edculos de buena calidad y generar valor agregado, el fortalecimiento del Estado y las alianzas estrat\u00e9gicas a nivel global.<\/p>\n\n\n\n<p>arb\/car<\/p>\n","protected":false},"excerpt":{"rendered":"<p>Santiago de Chile (Prensa Latina) Si las encuestas contin\u00faan como hasta hoy, las elecciones presidenciales&hellip;<\/p>\n","protected":false},"author":2,"featured_media":74394,"comment_status":"open","ping_status":"open","sticky":false,"template":"","format":"standard","meta":{"footnotes":""},"categories":[52,53],"tags":[],"class_list":["post-74401","post","type-post","status-publish","format-standard","has-post-thumbnail","hentry","category-internacionales","category-prensa-latina"],"_links":{"self":[{"href":"https:\/\/eldiarioantillano.com\/uno\/wp-json\/wp\/v2\/posts\/74401","targetHints":{"allow":["GET"]}}],"collection":[{"href":"https:\/\/eldiarioantillano.com\/uno\/wp-json\/wp\/v2\/posts"}],"about":[{"href":"https:\/\/eldiarioantillano.com\/uno\/wp-json\/wp\/v2\/types\/post"}],"author":[{"embeddable":true,"href":"https:\/\/eldiarioantillano.com\/uno\/wp-json\/wp\/v2\/users\/2"}],"replies":[{"embeddable":true,"href":"https:\/\/eldiarioantillano.com\/uno\/wp-json\/wp\/v2\/comments?post=74401"}],"version-history":[{"count":1,"href":"https:\/\/eldiarioantillano.com\/uno\/wp-json\/wp\/v2\/posts\/74401\/revisions"}],"predecessor-version":[{"id":74402,"href":"https:\/\/eldiarioantillano.com\/uno\/wp-json\/wp\/v2\/posts\/74401\/revisions\/74402"}],"wp:featuredmedia":[{"embeddable":true,"href":"https:\/\/eldiarioantillano.com\/uno\/wp-json\/wp\/v2\/media\/74394"}],"wp:attachment":[{"href":"https:\/\/eldiarioantillano.com\/uno\/wp-json\/wp\/v2\/media?parent=74401"}],"wp:term":[{"taxonomy":"category","embeddable":true,"href":"https:\/\/eldiarioantillano.com\/uno\/wp-json\/wp\/v2\/categories?post=74401"},{"taxonomy":"post_tag","embeddable":true,"href":"https:\/\/eldiarioantillano.com\/uno\/wp-json\/wp\/v2\/tags?post=74401"}],"curies":[{"name":"wp","href":"https:\/\/api.w.org\/{rel}","templated":true}]}}