{"id":74372,"date":"2025-07-31T00:01:00","date_gmt":"2025-07-31T04:01:00","guid":{"rendered":"https:\/\/eldiarioantillano.com\/uno\/?p=74372"},"modified":"2025-07-30T21:34:36","modified_gmt":"2025-07-31T01:34:36","slug":"finjus-advierte-garantizar-la-dignidad-de-las-personas-en-la-reforma-del-codigo-penal","status":"publish","type":"post","link":"https:\/\/eldiarioantillano.com\/uno\/2025\/07\/31\/finjus-advierte-garantizar-la-dignidad-de-las-personas-en-la-reforma-del-codigo-penal\/","title":{"rendered":"FINJUS advierte garantizar la dignidad de las personas en la reforma del C\u00f3digo Penal"},"content":{"rendered":"<div class=\"wp-block-image\">\n<figure class=\"alignright size-full\"><img decoding=\"async\" width=\"200\" height=\"160\" src=\"https:\/\/eldiarioantillano.com\/uno\/wp-content\/uploads\/2025\/07\/finjus.webp\" alt=\"\" class=\"wp-image-74373\"\/><\/figure>\n<\/div>\n\n\n<p>Los an\u00e1lisis y diagn\u00f3sticos m\u00e1s relevantes sobre la calidad democr\u00e1tica y los riesgos sociales y econ\u00f3micos de la Rep\u00fablica Dominicana coinciden en se\u00f1alar que uno de los d\u00e9ficits m\u00e1s preocupantes para avanzar hacia el logro de nuevos hitos en nuestro desarrollo radica en la obsolescencia del C\u00f3digo Penal. Se reconoce su reforma como una necesidad impostergable y cr\u00edtica para la consolidaci\u00f3n del Estado de derecho y la adaptaci\u00f3n del sistema de justicia a las complejidades del siglo XXI.<\/p>\n\n\n\n<p>Desde la Fundaci\u00f3n Institucionalidad y Justicia (FINJUS), hemos insistido en la urgencia y trascendencia de esta reforma, a la luz de un contexto nacional que ha evolucionado dr\u00e1sticamente y un panorama internacional que exige un enfoque renovado en los derechos humanos y la eficiencia penal. Sin embargo, esta reforma no puede ser concebida como un simple ajuste normativo t\u00e9cnico. Debe entenderse como una oportunidad hist\u00f3rica para reafirmar los principios fundamentales del orden constitucional, y el primero de ellos es la dignidad humana.<\/p>\n\n\n\n<p>La dignidad humana es el eje estructurante de todo el sistema jur\u00eddico. El Estado Social y Democr\u00e1tico de Derecho que consagra nuestra Constituci\u00f3n no puede consolidarse si las normas penales no irradian un respeto pleno a este principio. En este sentido, un C\u00f3digo Penal moderno no solo debe incorporar nuevos tipos penales que respondan a la realidad del crimen organizado y la violencia estructural. Asimismo, debe asegurar un enfoque de justicia penal que garantice la protecci\u00f3n efectiva de los derechos de las mujeres, NNyA (ni\u00f1os, ni\u00f1as y adolescentes) y quienes enfrentan condiciones especiales de vulnerabilidad, promoviendo una respuesta legal adecuada, coherente y proporcional frente a sus necesidades.<\/p>\n\n\n\n<p>El proyecto de reforma al C\u00f3digo Penal en discusi\u00f3n contiene avances valiosos en la tipificaci\u00f3n de conductas modernas asociadas a nuevas formas de criminalidad, como el sicariato, las estafas piramidales o los delitos digitales. Pero al mismo tiempo, plantea cuestionantes sensibles en la garant\u00eda de los derechos fundamentales de la dignidad de las personas, en especial las mujeres. La falta de disposiciones que aborden adecuadamente situaciones de emergencia m\u00e9dica, violencia sexual o condiciones incompatibles con una vida digna representa un vac\u00edo normativo que puede generar consecuencias adversas en la salud, la seguridad y la integridad personal.<\/p>\n\n\n\n<p>Asimismo, el tratamiento normativo de delitos como el feminicidio presenta desaf\u00edos relevantes, ya que debe evitarse que su formulaci\u00f3n limite la efectividad de su aplicaci\u00f3n y que genere ambig\u00fcedades en su interpretaci\u00f3n judicial.<\/p>\n\n\n\n<p>Preocupa tambi\u00e9n la reducci\u00f3n de penas para ciertos delitos de naturaleza sexual, as\u00ed como la posibilidad de prescripci\u00f3n en contextos donde existe una relaci\u00f3n previa entre la v\u00edctima y el agresor. Esta perspectiva, en casos como la agresi\u00f3n sexual, la violaci\u00f3n, el incesto y\/o cualquier todo acto sexual no consentido, podr\u00eda generar una percepci\u00f3n de inequidad en la aplicaci\u00f3n de la justicia, al establecer un trato diferenciado que no responde adecuadamente al da\u00f1o causado ni a las condiciones de vulnerabilidad en las que estos hechos pueden ocurrir.<\/p>\n\n\n\n<p>La sociedad cursa una etapa cr\u00edtica que refleja el agravamiento de las tensiones sociales, un aumento de la violencia y la agudizaci\u00f3n de conflictos que requerir\u00e1n largos per\u00edodos para su reconstrucci\u00f3n. Desde FINJUS consideramos que ya no es posible seguir postergando el abordaje integral de esta reforma. No obstante, debe hacerse de forma responsable, coherente y respetuosa de los principios constitucionales y de los compromisos internacionales en derechos humanos.<\/p>\n\n\n\n<p>El Estado tiene la obligaci\u00f3n de generar pol\u00edticas que permitan el control de los delitos dentro de marcos compatibles con el orden p\u00fablico, el bienestar general y los derechos de todas las personas. Un C\u00f3digo Penal moderno es piedra angular de esta obligaci\u00f3n y su aprobaci\u00f3n no puede hacerse a expensas de los principios de igualdad y dignidad de las mujeres.<\/p>\n\n\n\n<p>Es necesario abordar con detenimiento y profundidad los puntos que han generado preocupaciones leg\u00edtimas, garantizando una legislaci\u00f3n penal con mayor delimitaci\u00f3n y un balance adecuado entre la justicia, los derechos individuales y la seguridad. La comprensi\u00f3n del alcance de la pol\u00edtica penal es esencial para combatir eficazmente la criminalidad, al tiempo que se respeten los derechos fundamentales.<\/p>\n\n\n\n<p>En definitiva, esta reforma debe ser un paso clave para fortalecer la institucionalidad, la transparencia y la confianza p\u00fablica en el sistema de justicia dominicano. Hacemos un llamado a que el proceso legislativo garantice que el nuevo C\u00f3digo Penal sea un instrumento al servicio de la justicia, la equidad y la protecci\u00f3n integral de los derechos.<\/p>\n\n\n\n<p><strong>Servio Tulio Casta\u00f1os Guzm\u00e1n<\/strong><br><em>Vicepresidente Ejecutivo FINJUS<\/em><\/p>\n","protected":false},"excerpt":{"rendered":"<p>Los an\u00e1lisis y diagn\u00f3sticos m\u00e1s relevantes sobre la calidad democr\u00e1tica y los riesgos sociales y&hellip;<\/p>\n","protected":false},"author":2,"featured_media":74378,"comment_status":"open","ping_status":"open","sticky":false,"template":"","format":"standard","meta":{"footnotes":""},"categories":[55],"tags":[],"class_list":["post-74372","post","type-post","status-publish","format-standard","has-post-thumbnail","hentry","category-nacionales"],"_links":{"self":[{"href":"https:\/\/eldiarioantillano.com\/uno\/wp-json\/wp\/v2\/posts\/74372","targetHints":{"allow":["GET"]}}],"collection":[{"href":"https:\/\/eldiarioantillano.com\/uno\/wp-json\/wp\/v2\/posts"}],"about":[{"href":"https:\/\/eldiarioantillano.com\/uno\/wp-json\/wp\/v2\/types\/post"}],"author":[{"embeddable":true,"href":"https:\/\/eldiarioantillano.com\/uno\/wp-json\/wp\/v2\/users\/2"}],"replies":[{"embeddable":true,"href":"https:\/\/eldiarioantillano.com\/uno\/wp-json\/wp\/v2\/comments?post=74372"}],"version-history":[{"count":2,"href":"https:\/\/eldiarioantillano.com\/uno\/wp-json\/wp\/v2\/posts\/74372\/revisions"}],"predecessor-version":[{"id":74375,"href":"https:\/\/eldiarioantillano.com\/uno\/wp-json\/wp\/v2\/posts\/74372\/revisions\/74375"}],"wp:featuredmedia":[{"embeddable":true,"href":"https:\/\/eldiarioantillano.com\/uno\/wp-json\/wp\/v2\/media\/74378"}],"wp:attachment":[{"href":"https:\/\/eldiarioantillano.com\/uno\/wp-json\/wp\/v2\/media?parent=74372"}],"wp:term":[{"taxonomy":"category","embeddable":true,"href":"https:\/\/eldiarioantillano.com\/uno\/wp-json\/wp\/v2\/categories?post=74372"},{"taxonomy":"post_tag","embeddable":true,"href":"https:\/\/eldiarioantillano.com\/uno\/wp-json\/wp\/v2\/tags?post=74372"}],"curies":[{"name":"wp","href":"https:\/\/api.w.org\/{rel}","templated":true}]}}