{"id":74363,"date":"2025-07-31T00:00:00","date_gmt":"2025-07-31T04:00:00","guid":{"rendered":"https:\/\/eldiarioantillano.com\/uno\/?p=74363"},"modified":"2025-07-30T21:34:58","modified_gmt":"2025-07-31T01:34:58","slug":"viceministra-recibe-a-representantes-de-casas-de-la-cultura-de-varias-provincias","status":"publish","type":"post","link":"https:\/\/eldiarioantillano.com\/uno\/2025\/07\/31\/viceministra-recibe-a-representantes-de-casas-de-la-cultura-de-varias-provincias\/","title":{"rendered":"Viceministra recibe a representantes de casas de la cultura de varias provincias"},"content":{"rendered":"\n<p>La viceministra Rosina Guerrero Heredia (tercera desde la derecha) convers\u00f3 en su despacho con delegados de casas de la cultura de diversas provincias. A su izquierda, Ch\u00edo Villalona, de Dajab\u00f3n, entre otros promotores culturales.\u00a0<\/p>\n\n\n\n<p><\/p>\n","protected":false},"excerpt":{"rendered":"<p>La viceministra Rosina Guerrero Heredia (tercera desde la derecha) convers\u00f3 en su despacho con delegados&hellip;<\/p>\n","protected":false},"author":2,"featured_media":74364,"comment_status":"open","ping_status":"open","sticky":false,"template":"","format":"standard","meta":{"footnotes":""},"categories":[63],"tags":[],"class_list":["post-74363","post","type-post","status-publish","format-standard","has-post-thumbnail","hentry","category-cultura"],"_links":{"self":[{"href":"https:\/\/eldiarioantillano.com\/uno\/wp-json\/wp\/v2\/posts\/74363","targetHints":{"allow":["GET"]}}],"collection":[{"href":"https:\/\/eldiarioantillano.com\/uno\/wp-json\/wp\/v2\/posts"}],"about":[{"href":"https:\/\/eldiarioantillano.com\/uno\/wp-json\/wp\/v2\/types\/post"}],"author":[{"embeddable":true,"href":"https:\/\/eldiarioantillano.com\/uno\/wp-json\/wp\/v2\/users\/2"}],"replies":[{"embeddable":true,"href":"https:\/\/eldiarioantillano.com\/uno\/wp-json\/wp\/v2\/comments?post=74363"}],"version-history":[{"count":1,"href":"https:\/\/eldiarioantillano.com\/uno\/wp-json\/wp\/v2\/posts\/74363\/revisions"}],"predecessor-version":[{"id":74366,"href":"https:\/\/eldiarioantillano.com\/uno\/wp-json\/wp\/v2\/posts\/74363\/revisions\/74366"}],"wp:featuredmedia":[{"embeddable":true,"href":"https:\/\/eldiarioantillano.com\/uno\/wp-json\/wp\/v2\/media\/74364"}],"wp:attachment":[{"href":"https:\/\/eldiarioantillano.com\/uno\/wp-json\/wp\/v2\/media?parent=74363"}],"wp:term":[{"taxonomy":"category","embeddable":true,"href":"https:\/\/eldiarioantillano.com\/uno\/wp-json\/wp\/v2\/categories?post=74363"},{"taxonomy":"post_tag","embeddable":true,"href":"https:\/\/eldiarioantillano.com\/uno\/wp-json\/wp\/v2\/tags?post=74363"}],"curies":[{"name":"wp","href":"https:\/\/api.w.org\/{rel}","templated":true}]}}