{"id":74359,"date":"2025-07-30T20:36:13","date_gmt":"2025-07-31T00:36:13","guid":{"rendered":"https:\/\/eldiarioantillano.com\/uno\/?p=74359"},"modified":"2025-07-30T20:36:21","modified_gmt":"2025-07-31T00:36:21","slug":"piden-anular-contrato-de-privatizadora-energetica-en-puerto-rico","status":"publish","type":"post","link":"https:\/\/eldiarioantillano.com\/uno\/2025\/07\/30\/piden-anular-contrato-de-privatizadora-energetica-en-puerto-rico\/","title":{"rendered":"Piden anular contrato de privatizadora energ\u00e9tica en Puerto Rico"},"content":{"rendered":"\n<p>San Juan, 29 jul (Prensa Latina) El exdiputado Luis Ra\u00fal Torres y el abogado Rolando Emmanuelli Jim\u00e9nez coincidieron hoy en que la privatizaci\u00f3n de la Autoridad de Energ\u00eda El\u00e9ctrica (AEE) es reversible.<\/p>\n\n\n\n<p>Durante sus intervenciones en la protesta que se realiz\u00f3 este martes en la arteria capitalina que discurre entre el complejo deportivo de San Juan y el centro comercial Plaza Las Am\u00e9ricas, ambos cr\u00edticos afirmaron que el contrato a LUMA Energy se otorg\u00f3 antes de que esa empresa se constituyera.<\/p>\n\n\n\n<p>Los manifestantes pidieron, adem\u00e1s de la salida de LUMA, la de GeneraPR y de New Fortress por considerar que esas compa\u00f1\u00edas estadounidenses lo \u00fanico que han tra\u00eddo al pa\u00eds es ansiedad ante la inestabilidad del sistema, lo que incluso ha causado muertes.<\/p>\n\n\n\n<p>Torres, quien presidi\u00f3 la Comisi\u00f3n de Energ\u00eda de la C\u00e1mara de Representantes de Puerto Rico, mostr\u00f3 un documento que someti\u00f3 ante la Oficina del Contralor para que se declare nulo el contrato de LUMA Energy debido a que el consorcio no estaba creado ni registrado cuando se firm\u00f3 el acuerdo para que administrara la transmisi\u00f3n y distribuci\u00f3n el\u00e9ctrica.<\/p>\n\n\n\n<p>\u201cTenemos que empezar a llamar, en este tiempo, a la conciencia de nuestro pa\u00eds, porque, si no salen a hacerle presi\u00f3n al gobierno, no van a cancelar el contrato de LUMA, no van a cancelar el contrato de Genera.<\/p>\n\n\n\n<p>No van a recuperar el muelle donde est\u00e1 el combustible para las plantas de generaci\u00f3n de Puerto Rico, porque aqu\u00ed hay mucho dinero corriendo detr\u00e1s de los funcionarios que dirigen el pa\u00eds\u201d, asegur\u00f3 Torres.<\/p>\n\n\n\n<p>Opin\u00f3 que la carta que envi\u00f3 el zar de Energ\u00eda, Josu\u00e9 Col\u00f3n, se\u00f1alando los incumplimientos de LUMA Energy y para activar el mecanismo de resoluci\u00f3n de disputas es un camino para la cancelaci\u00f3n \u201cm\u00e1s largo, tortuoso y dif\u00edcil\u201d.<\/p>\n\n\n\n<p>La artista Raquel Gonz\u00e1lez realiz\u00f3 una instalaci\u00f3n con dos docenas de cruces blancas en la avenida Roosevelt, a la altura del estadio Hiram Bithorn en San Juan, en algunas de las cuales se establece un a\u00f1o, una edad y una causa de muerte atribuida a la crisis energ\u00e9tica que golpea a esta isla del Caribe.<\/p>\n\n\n\n<p>oda\/nrm<\/p>\n","protected":false},"excerpt":{"rendered":"<p>San Juan, 29 jul (Prensa Latina) El exdiputado Luis Ra\u00fal Torres y el abogado Rolando&hellip;<\/p>\n","protected":false},"author":2,"featured_media":72748,"comment_status":"open","ping_status":"open","sticky":false,"template":"","format":"standard","meta":{"footnotes":""},"categories":[52,53],"tags":[],"class_list":["post-74359","post","type-post","status-publish","format-standard","has-post-thumbnail","hentry","category-internacionales","category-prensa-latina"],"_links":{"self":[{"href":"https:\/\/eldiarioantillano.com\/uno\/wp-json\/wp\/v2\/posts\/74359","targetHints":{"allow":["GET"]}}],"collection":[{"href":"https:\/\/eldiarioantillano.com\/uno\/wp-json\/wp\/v2\/posts"}],"about":[{"href":"https:\/\/eldiarioantillano.com\/uno\/wp-json\/wp\/v2\/types\/post"}],"author":[{"embeddable":true,"href":"https:\/\/eldiarioantillano.com\/uno\/wp-json\/wp\/v2\/users\/2"}],"replies":[{"embeddable":true,"href":"https:\/\/eldiarioantillano.com\/uno\/wp-json\/wp\/v2\/comments?post=74359"}],"version-history":[{"count":1,"href":"https:\/\/eldiarioantillano.com\/uno\/wp-json\/wp\/v2\/posts\/74359\/revisions"}],"predecessor-version":[{"id":74360,"href":"https:\/\/eldiarioantillano.com\/uno\/wp-json\/wp\/v2\/posts\/74359\/revisions\/74360"}],"wp:featuredmedia":[{"embeddable":true,"href":"https:\/\/eldiarioantillano.com\/uno\/wp-json\/wp\/v2\/media\/72748"}],"wp:attachment":[{"href":"https:\/\/eldiarioantillano.com\/uno\/wp-json\/wp\/v2\/media?parent=74359"}],"wp:term":[{"taxonomy":"category","embeddable":true,"href":"https:\/\/eldiarioantillano.com\/uno\/wp-json\/wp\/v2\/categories?post=74359"},{"taxonomy":"post_tag","embeddable":true,"href":"https:\/\/eldiarioantillano.com\/uno\/wp-json\/wp\/v2\/tags?post=74359"}],"curies":[{"name":"wp","href":"https:\/\/api.w.org\/{rel}","templated":true}]}}