{"id":74306,"date":"2025-07-26T00:48:35","date_gmt":"2025-07-26T04:48:35","guid":{"rendered":"https:\/\/eldiarioantillano.com\/uno\/?p=74306"},"modified":"2025-07-26T00:48:36","modified_gmt":"2025-07-26T04:48:36","slug":"manuel-jimenez-cantara-en-montecristi-el-dia-de-la-restauracion","status":"publish","type":"post","link":"https:\/\/eldiarioantillano.com\/uno\/2025\/07\/26\/manuel-jimenez-cantara-en-montecristi-el-dia-de-la-restauracion\/","title":{"rendered":"Manuel Jim\u00e9nez cantar\u00e1 en Montecristi el D\u00eda de la Restauraci\u00f3n"},"content":{"rendered":"<div class=\"wp-block-image\">\n<figure class=\"aligncenter size-full is-resized\"><img fetchpriority=\"high\" decoding=\"async\" width=\"624\" height=\"520\" src=\"https:\/\/eldiarioantillano.com\/uno\/wp-content\/uploads\/2025\/07\/image-7.png\" alt=\"\" class=\"wp-image-74308\" style=\"width:780px;height:auto\" srcset=\"https:\/\/eldiarioantillano.com\/uno\/wp-content\/uploads\/2025\/07\/image-7.png 624w, https:\/\/eldiarioantillano.com\/uno\/wp-content\/uploads\/2025\/07\/image-7-300x250.png 300w, https:\/\/eldiarioantillano.com\/uno\/wp-content\/uploads\/2025\/07\/image-7-585x488.png 585w\" sizes=\"(max-width: 624px) 100vw, 624px\" \/><\/figure>\n<\/div>\n\n\n<p>La presentaci\u00f3n se har\u00e1 el 16 de Agosto con motivo del 162 aniversario de la Restauraci\u00f3n de la Rep\u00fablica, en el Montante Castillo, con auspicios de Indotel.\u00a0\u00a0<br><br><\/p>\n","protected":false},"excerpt":{"rendered":"<p>La presentaci\u00f3n se har\u00e1 el 16 de Agosto con motivo del 162 aniversario de la&hellip;<\/p>\n","protected":false},"author":2,"featured_media":74308,"comment_status":"open","ping_status":"open","sticky":false,"template":"","format":"standard","meta":{"footnotes":""},"categories":[57],"tags":[],"class_list":["post-74306","post","type-post","status-publish","format-standard","has-post-thumbnail","hentry","category-montecristi"],"_links":{"self":[{"href":"https:\/\/eldiarioantillano.com\/uno\/wp-json\/wp\/v2\/posts\/74306","targetHints":{"allow":["GET"]}}],"collection":[{"href":"https:\/\/eldiarioantillano.com\/uno\/wp-json\/wp\/v2\/posts"}],"about":[{"href":"https:\/\/eldiarioantillano.com\/uno\/wp-json\/wp\/v2\/types\/post"}],"author":[{"embeddable":true,"href":"https:\/\/eldiarioantillano.com\/uno\/wp-json\/wp\/v2\/users\/2"}],"replies":[{"embeddable":true,"href":"https:\/\/eldiarioantillano.com\/uno\/wp-json\/wp\/v2\/comments?post=74306"}],"version-history":[{"count":1,"href":"https:\/\/eldiarioantillano.com\/uno\/wp-json\/wp\/v2\/posts\/74306\/revisions"}],"predecessor-version":[{"id":74309,"href":"https:\/\/eldiarioantillano.com\/uno\/wp-json\/wp\/v2\/posts\/74306\/revisions\/74309"}],"wp:featuredmedia":[{"embeddable":true,"href":"https:\/\/eldiarioantillano.com\/uno\/wp-json\/wp\/v2\/media\/74308"}],"wp:attachment":[{"href":"https:\/\/eldiarioantillano.com\/uno\/wp-json\/wp\/v2\/media?parent=74306"}],"wp:term":[{"taxonomy":"category","embeddable":true,"href":"https:\/\/eldiarioantillano.com\/uno\/wp-json\/wp\/v2\/categories?post=74306"},{"taxonomy":"post_tag","embeddable":true,"href":"https:\/\/eldiarioantillano.com\/uno\/wp-json\/wp\/v2\/tags?post=74306"}],"curies":[{"name":"wp","href":"https:\/\/api.w.org\/{rel}","templated":true}]}}