{"id":74298,"date":"2025-07-26T00:45:32","date_gmt":"2025-07-26T04:45:32","guid":{"rendered":"https:\/\/eldiarioantillano.com\/uno\/?p=74298"},"modified":"2025-07-26T00:45:33","modified_gmt":"2025-07-26T04:45:33","slug":"fotorreportaje-marruecos","status":"publish","type":"post","link":"https:\/\/eldiarioantillano.com\/uno\/2025\/07\/26\/fotorreportaje-marruecos\/","title":{"rendered":"FOTORREPORTAJE: Marruecos"},"content":{"rendered":"\n<p>Rabat, capital del reino de Marruecos, norte de \u00c1frica, en la desembocadura del r\u00edo\u00a0Bu Regreg, es una de las ciudades de mayor \u00a0patrimonio hist\u00f3rico, reconocida como Capital Africana de la Cultura 2022 y Patrimonio de la Humanidad\u00a0por la\u00a0Unesco\u00a0en 2012. En este reportaje gr\u00e1fico les presentamos algunas de sus facetas m\u00e1s importantes, adem\u00e1s de la Ciudad Azul, pr\u00f3xima a Rabat: <\/p>\n\n\n\n<figure class=\"wp-block-gallery has-nested-images columns-default is-cropped wp-block-gallery-1 is-layout-flex wp-block-gallery-is-layout-flex\">\n<figure class=\"wp-block-image size-large\"><img fetchpriority=\"high\" decoding=\"async\" width=\"768\" height=\"1024\" data-id=\"74295\" src=\"https:\/\/eldiarioantillano.com\/uno\/wp-content\/uploads\/2025\/07\/IMG-20250714-WA0036-768x1024.jpg\" alt=\"\" class=\"wp-image-74295\" srcset=\"https:\/\/eldiarioantillano.com\/uno\/wp-content\/uploads\/2025\/07\/IMG-20250714-WA0036-768x1024.jpg 768w, https:\/\/eldiarioantillano.com\/uno\/wp-content\/uploads\/2025\/07\/IMG-20250714-WA0036-225x300.jpg 225w, https:\/\/eldiarioantillano.com\/uno\/wp-content\/uploads\/2025\/07\/IMG-20250714-WA0036-1152x1536.jpg 1152w, https:\/\/eldiarioantillano.com\/uno\/wp-content\/uploads\/2025\/07\/IMG-20250714-WA0036-1170x1560.jpg 1170w, https:\/\/eldiarioantillano.com\/uno\/wp-content\/uploads\/2025\/07\/IMG-20250714-WA0036-585x780.jpg 585w, https:\/\/eldiarioantillano.com\/uno\/wp-content\/uploads\/2025\/07\/IMG-20250714-WA0036.jpg 1536w\" sizes=\"(max-width: 768px) 100vw, 768px\" \/><figcaption class=\"wp-element-caption\">(Foto: Esther Hern\u00e1ndez Medina).\u00a0<\/figcaption><\/figure>\n\n\n\n<figure class=\"wp-block-image size-large\"><img decoding=\"async\" width=\"768\" height=\"1024\" data-id=\"74294\" src=\"https:\/\/eldiarioantillano.com\/uno\/wp-content\/uploads\/2025\/07\/IMG-20250714-WA0040-768x1024.jpg\" alt=\"\" class=\"wp-image-74294\" srcset=\"https:\/\/eldiarioantillano.com\/uno\/wp-content\/uploads\/2025\/07\/IMG-20250714-WA0040-768x1024.jpg 768w, https:\/\/eldiarioantillano.com\/uno\/wp-content\/uploads\/2025\/07\/IMG-20250714-WA0040-225x300.jpg 225w, https:\/\/eldiarioantillano.com\/uno\/wp-content\/uploads\/2025\/07\/IMG-20250714-WA0040-1152x1536.jpg 1152w, https:\/\/eldiarioantillano.com\/uno\/wp-content\/uploads\/2025\/07\/IMG-20250714-WA0040-1170x1560.jpg 1170w, https:\/\/eldiarioantillano.com\/uno\/wp-content\/uploads\/2025\/07\/IMG-20250714-WA0040-585x780.jpg 585w, https:\/\/eldiarioantillano.com\/uno\/wp-content\/uploads\/2025\/07\/IMG-20250714-WA0040.jpg 1536w\" sizes=\"(max-width: 768px) 100vw, 768px\" \/><figcaption class=\"wp-element-caption\">(Foto: Esther Hern\u00e1ndez Medina).\u00a0<\/figcaption><\/figure>\n\n\n\n<figure class=\"wp-block-image size-large\"><img decoding=\"async\" width=\"768\" height=\"1024\" data-id=\"74293\" src=\"https:\/\/eldiarioantillano.com\/uno\/wp-content\/uploads\/2025\/07\/IMG-20250720-WA0003-768x1024.jpg\" alt=\"\" class=\"wp-image-74293\" srcset=\"https:\/\/eldiarioantillano.com\/uno\/wp-content\/uploads\/2025\/07\/IMG-20250720-WA0003-768x1024.jpg 768w, https:\/\/eldiarioantillano.com\/uno\/wp-content\/uploads\/2025\/07\/IMG-20250720-WA0003-225x300.jpg 225w, https:\/\/eldiarioantillano.com\/uno\/wp-content\/uploads\/2025\/07\/IMG-20250720-WA0003-1152x1536.jpg 1152w, https:\/\/eldiarioantillano.com\/uno\/wp-content\/uploads\/2025\/07\/IMG-20250720-WA0003-1170x1560.jpg 1170w, https:\/\/eldiarioantillano.com\/uno\/wp-content\/uploads\/2025\/07\/IMG-20250720-WA0003-585x780.jpg 585w, https:\/\/eldiarioantillano.com\/uno\/wp-content\/uploads\/2025\/07\/IMG-20250720-WA0003.jpg 1536w\" sizes=\"(max-width: 768px) 100vw, 768px\" \/><figcaption class=\"wp-element-caption\">(Foto: Esther Hern\u00e1ndez Medina).\u00a0<\/figcaption><\/figure>\n\n\n\n<figure class=\"wp-block-image size-large\"><img loading=\"lazy\" decoding=\"async\" width=\"768\" height=\"1024\" data-id=\"74292\" src=\"https:\/\/eldiarioantillano.com\/uno\/wp-content\/uploads\/2025\/07\/IMG-20250712-WA0008-768x1024.jpg\" alt=\"\" class=\"wp-image-74292\" srcset=\"https:\/\/eldiarioantillano.com\/uno\/wp-content\/uploads\/2025\/07\/IMG-20250712-WA0008-768x1024.jpg 768w, https:\/\/eldiarioantillano.com\/uno\/wp-content\/uploads\/2025\/07\/IMG-20250712-WA0008-225x300.jpg 225w, https:\/\/eldiarioantillano.com\/uno\/wp-content\/uploads\/2025\/07\/IMG-20250712-WA0008-1152x1536.jpg 1152w, https:\/\/eldiarioantillano.com\/uno\/wp-content\/uploads\/2025\/07\/IMG-20250712-WA0008-1170x1560.jpg 1170w, https:\/\/eldiarioantillano.com\/uno\/wp-content\/uploads\/2025\/07\/IMG-20250712-WA0008-585x780.jpg 585w, https:\/\/eldiarioantillano.com\/uno\/wp-content\/uploads\/2025\/07\/IMG-20250712-WA0008.jpg 1200w\" sizes=\"(max-width: 768px) 100vw, 768px\" \/><figcaption class=\"wp-element-caption\">(Foto: Esther Hern\u00e1ndez Medina).\u00a0<\/figcaption><\/figure>\n\n\n\n<figure class=\"wp-block-image size-large\"><img loading=\"lazy\" decoding=\"async\" width=\"768\" height=\"1024\" data-id=\"74291\" src=\"https:\/\/eldiarioantillano.com\/uno\/wp-content\/uploads\/2025\/07\/IMG-20250712-WA0007-768x1024.jpg\" alt=\"\" class=\"wp-image-74291\" srcset=\"https:\/\/eldiarioantillano.com\/uno\/wp-content\/uploads\/2025\/07\/IMG-20250712-WA0007-768x1024.jpg 768w, https:\/\/eldiarioantillano.com\/uno\/wp-content\/uploads\/2025\/07\/IMG-20250712-WA0007-225x300.jpg 225w, https:\/\/eldiarioantillano.com\/uno\/wp-content\/uploads\/2025\/07\/IMG-20250712-WA0007-1152x1536.jpg 1152w, https:\/\/eldiarioantillano.com\/uno\/wp-content\/uploads\/2025\/07\/IMG-20250712-WA0007-1170x1560.jpg 1170w, https:\/\/eldiarioantillano.com\/uno\/wp-content\/uploads\/2025\/07\/IMG-20250712-WA0007-585x780.jpg 585w, https:\/\/eldiarioantillano.com\/uno\/wp-content\/uploads\/2025\/07\/IMG-20250712-WA0007.jpg 1200w\" sizes=\"(max-width: 768px) 100vw, 768px\" \/><figcaption class=\"wp-element-caption\">(Foto: Esther Hern\u00e1ndez Medina).\u00a0<\/figcaption><\/figure>\n\n\n\n<figure class=\"wp-block-image size-large\"><img loading=\"lazy\" decoding=\"async\" width=\"768\" height=\"1024\" data-id=\"74300\" src=\"https:\/\/eldiarioantillano.com\/uno\/wp-content\/uploads\/2025\/07\/WhatsApp-Image-2025-07-12-at-2.33.27-AM-768x1024.jpeg\" alt=\"\" class=\"wp-image-74300\" srcset=\"https:\/\/eldiarioantillano.com\/uno\/wp-content\/uploads\/2025\/07\/WhatsApp-Image-2025-07-12-at-2.33.27-AM-768x1024.jpeg 768w, https:\/\/eldiarioantillano.com\/uno\/wp-content\/uploads\/2025\/07\/WhatsApp-Image-2025-07-12-at-2.33.27-AM-225x300.jpeg 225w, https:\/\/eldiarioantillano.com\/uno\/wp-content\/uploads\/2025\/07\/WhatsApp-Image-2025-07-12-at-2.33.27-AM-1152x1536.jpeg 1152w, https:\/\/eldiarioantillano.com\/uno\/wp-content\/uploads\/2025\/07\/WhatsApp-Image-2025-07-12-at-2.33.27-AM-1170x1560.jpeg 1170w, https:\/\/eldiarioantillano.com\/uno\/wp-content\/uploads\/2025\/07\/WhatsApp-Image-2025-07-12-at-2.33.27-AM-585x780.jpeg 585w, https:\/\/eldiarioantillano.com\/uno\/wp-content\/uploads\/2025\/07\/WhatsApp-Image-2025-07-12-at-2.33.27-AM.jpeg 1200w\" sizes=\"(max-width: 768px) 100vw, 768px\" \/><figcaption class=\"wp-element-caption\">(Foto: Esther Hern\u00e1ndez Medina).\u00a0<\/figcaption><\/figure>\n\n\n\n<figure class=\"wp-block-image size-large\"><img loading=\"lazy\" decoding=\"async\" width=\"768\" height=\"1024\" data-id=\"74302\" src=\"https:\/\/eldiarioantillano.com\/uno\/wp-content\/uploads\/2025\/07\/WhatsApp-Image-2025-07-14-at-9.28.47-AM-768x1024.jpeg\" alt=\"\" class=\"wp-image-74302\" srcset=\"https:\/\/eldiarioantillano.com\/uno\/wp-content\/uploads\/2025\/07\/WhatsApp-Image-2025-07-14-at-9.28.47-AM-768x1024.jpeg 768w, https:\/\/eldiarioantillano.com\/uno\/wp-content\/uploads\/2025\/07\/WhatsApp-Image-2025-07-14-at-9.28.47-AM-225x300.jpeg 225w, https:\/\/eldiarioantillano.com\/uno\/wp-content\/uploads\/2025\/07\/WhatsApp-Image-2025-07-14-at-9.28.47-AM-1152x1536.jpeg 1152w, https:\/\/eldiarioantillano.com\/uno\/wp-content\/uploads\/2025\/07\/WhatsApp-Image-2025-07-14-at-9.28.47-AM-1170x1560.jpeg 1170w, https:\/\/eldiarioantillano.com\/uno\/wp-content\/uploads\/2025\/07\/WhatsApp-Image-2025-07-14-at-9.28.47-AM-585x780.jpeg 585w, https:\/\/eldiarioantillano.com\/uno\/wp-content\/uploads\/2025\/07\/WhatsApp-Image-2025-07-14-at-9.28.47-AM.jpeg 1536w\" sizes=\"(max-width: 768px) 100vw, 768px\" \/><figcaption class=\"wp-element-caption\">(Foto: Esther Hern\u00e1ndez Medina).\u00a0<\/figcaption><\/figure>\n\n\n\n<figure class=\"wp-block-image size-large\"><img loading=\"lazy\" decoding=\"async\" width=\"768\" height=\"1024\" data-id=\"74303\" src=\"https:\/\/eldiarioantillano.com\/uno\/wp-content\/uploads\/2025\/07\/WhatsApp-Image-2025-07-14-at-9.28.46-AM-1-768x1024.jpeg\" alt=\"\" class=\"wp-image-74303\" srcset=\"https:\/\/eldiarioantillano.com\/uno\/wp-content\/uploads\/2025\/07\/WhatsApp-Image-2025-07-14-at-9.28.46-AM-1-768x1024.jpeg 768w, https:\/\/eldiarioantillano.com\/uno\/wp-content\/uploads\/2025\/07\/WhatsApp-Image-2025-07-14-at-9.28.46-AM-1-225x300.jpeg 225w, https:\/\/eldiarioantillano.com\/uno\/wp-content\/uploads\/2025\/07\/WhatsApp-Image-2025-07-14-at-9.28.46-AM-1-1152x1536.jpeg 1152w, https:\/\/eldiarioantillano.com\/uno\/wp-content\/uploads\/2025\/07\/WhatsApp-Image-2025-07-14-at-9.28.46-AM-1-1170x1560.jpeg 1170w, https:\/\/eldiarioantillano.com\/uno\/wp-content\/uploads\/2025\/07\/WhatsApp-Image-2025-07-14-at-9.28.46-AM-1-585x780.jpeg 585w, https:\/\/eldiarioantillano.com\/uno\/wp-content\/uploads\/2025\/07\/WhatsApp-Image-2025-07-14-at-9.28.46-AM-1.jpeg 1536w\" sizes=\"(max-width: 768px) 100vw, 768px\" \/><figcaption class=\"wp-element-caption\">(Foto: Esther Hern\u00e1ndez Medina).\u00a0<\/figcaption><\/figure>\n\n\n\n<figure class=\"wp-block-image size-large\"><img loading=\"lazy\" decoding=\"async\" width=\"768\" height=\"1024\" data-id=\"74304\" src=\"https:\/\/eldiarioantillano.com\/uno\/wp-content\/uploads\/2025\/07\/WhatsApp-Image-2025-07-14-at-9.28.46-AM-768x1024.jpeg\" alt=\"\" class=\"wp-image-74304\" srcset=\"https:\/\/eldiarioantillano.com\/uno\/wp-content\/uploads\/2025\/07\/WhatsApp-Image-2025-07-14-at-9.28.46-AM-768x1024.jpeg 768w, https:\/\/eldiarioantillano.com\/uno\/wp-content\/uploads\/2025\/07\/WhatsApp-Image-2025-07-14-at-9.28.46-AM-225x300.jpeg 225w, https:\/\/eldiarioantillano.com\/uno\/wp-content\/uploads\/2025\/07\/WhatsApp-Image-2025-07-14-at-9.28.46-AM-1152x1536.jpeg 1152w, https:\/\/eldiarioantillano.com\/uno\/wp-content\/uploads\/2025\/07\/WhatsApp-Image-2025-07-14-at-9.28.46-AM-1170x1560.jpeg 1170w, https:\/\/eldiarioantillano.com\/uno\/wp-content\/uploads\/2025\/07\/WhatsApp-Image-2025-07-14-at-9.28.46-AM-585x780.jpeg 585w, https:\/\/eldiarioantillano.com\/uno\/wp-content\/uploads\/2025\/07\/WhatsApp-Image-2025-07-14-at-9.28.46-AM.jpeg 1536w\" sizes=\"(max-width: 768px) 100vw, 768px\" \/><figcaption class=\"wp-element-caption\">(Foto: Esther Hern\u00e1ndez Medina).\u00a0<\/figcaption><\/figure>\n<\/figure>\n\n\n\n<p><br><\/p>\n","protected":false},"excerpt":{"rendered":"<p>Rabat, capital del reino de Marruecos, norte de \u00c1frica, en la desembocadura del r\u00edo\u00a0Bu Regreg,&hellip;<\/p>\n","protected":false},"author":2,"featured_media":74291,"comment_status":"open","ping_status":"open","sticky":false,"template":"","format":"standard","meta":{"footnotes":""},"categories":[70,52],"tags":[],"class_list":["post-74298","post","type-post","status-publish","format-standard","has-post-thumbnail","hentry","category-esther-hernandez-medina","category-internacionales"],"_links":{"self":[{"href":"https:\/\/eldiarioantillano.com\/uno\/wp-json\/wp\/v2\/posts\/74298","targetHints":{"allow":["GET"]}}],"collection":[{"href":"https:\/\/eldiarioantillano.com\/uno\/wp-json\/wp\/v2\/posts"}],"about":[{"href":"https:\/\/eldiarioantillano.com\/uno\/wp-json\/wp\/v2\/types\/post"}],"author":[{"embeddable":true,"href":"https:\/\/eldiarioantillano.com\/uno\/wp-json\/wp\/v2\/users\/2"}],"replies":[{"embeddable":true,"href":"https:\/\/eldiarioantillano.com\/uno\/wp-json\/wp\/v2\/comments?post=74298"}],"version-history":[{"count":1,"href":"https:\/\/eldiarioantillano.com\/uno\/wp-json\/wp\/v2\/posts\/74298\/revisions"}],"predecessor-version":[{"id":74305,"href":"https:\/\/eldiarioantillano.com\/uno\/wp-json\/wp\/v2\/posts\/74298\/revisions\/74305"}],"wp:featuredmedia":[{"embeddable":true,"href":"https:\/\/eldiarioantillano.com\/uno\/wp-json\/wp\/v2\/media\/74291"}],"wp:attachment":[{"href":"https:\/\/eldiarioantillano.com\/uno\/wp-json\/wp\/v2\/media?parent=74298"}],"wp:term":[{"taxonomy":"category","embeddable":true,"href":"https:\/\/eldiarioantillano.com\/uno\/wp-json\/wp\/v2\/categories?post=74298"},{"taxonomy":"post_tag","embeddable":true,"href":"https:\/\/eldiarioantillano.com\/uno\/wp-json\/wp\/v2\/tags?post=74298"}],"curies":[{"name":"wp","href":"https:\/\/api.w.org\/{rel}","templated":true}]}}