{"id":74289,"date":"2025-07-26T00:24:13","date_gmt":"2025-07-26T04:24:13","guid":{"rendered":"https:\/\/eldiarioantillano.com\/uno\/?p=74289"},"modified":"2025-07-26T00:24:16","modified_gmt":"2025-07-26T04:24:16","slug":"lula-platica-con-presidenta-mexicana-y-aborda-arancel-de-trump","status":"publish","type":"post","link":"https:\/\/eldiarioantillano.com\/uno\/2025\/07\/26\/lula-platica-con-presidenta-mexicana-y-aborda-arancel-de-trump\/","title":{"rendered":"Lula platica con presidenta mexicana y aborda arancel de Trump"},"content":{"rendered":"\n<p>Brasilia, jul (Prensa Latina) El presidente brasile\u00f1o, Luiz In\u00e1cio Lula da Silva, convers\u00f3 este mi\u00e9rcoles por tel\u00e9fono con su similar mexicana, Claudia Sheinbaum, y abordaron los aranceles anunciados por Estados Unidos, confirmaron hoy fuentes oficiales.<\/p>\n\n\n\n<p>\u00abEl presidente Lula enfatiz\u00f3 la importancia de profundizar las relaciones econ\u00f3micas y comerciales entre ambos pa\u00edses, especialmente dada la incertidumbre actual\u00bb, inform\u00f3 en un comunicado el Palacio de Planalto, sede del Poder Ejecutivo en esta capital.<\/p>\n\n\n\n<p>Para fortalecer los flujos comerciales entre Brasil y M\u00e9xico, el vicepresidente Geraldo Alckmin visitar\u00e1 ese pa\u00eds en agosto con una delegaci\u00f3n de empresarios y ministros.<\/p>\n\n\n\n<p>En las \u00faltimas semanas, el presidente estadounidense, Donald Trump, anunci\u00f3 nuevos aranceles a productos exportados por varios pa\u00edses a la naci\u00f3n norte\u00f1a.<\/p>\n\n\n\n<p>Las nuevas tarifas entrar\u00e1n en vigor el 1 de agosto. Las mercanc\u00edas brasile\u00f1as tendr\u00e1n un impuesto del 50 por ciento y las mexicanas del 30.<\/p>\n\n\n\n<p>El republicano vincul\u00f3 la decisi\u00f3n con las acusaciones que enfrenta el expresidente Jair Bolsonaro, como la de golpista, y la presunta censura que sufren las empresas norteamericanas en Brasil.<\/p>\n\n\n\n<p>Por su parte, en el caso de M\u00e9xico, el ocupante de la Casa Blanca afirm\u00f3 que los nuevos aranceles buscan contener la crisis del fentanilo, una droga que ha causado miles de muertes en Estados Unidos, y culp\u00f3 directamente a los c\u00e1rteles mexicanos.<\/p>\n\n\n\n<p>Al anunciar el impuesto, el republicano critic\u00f3 al Gobierno mexicano por, seg\u00fan \u00e9l, no haber impedido las operaciones de estas organizaciones criminales.<\/p>\n\n\n\n<p>Bajo este rscenario, Brasil plante\u00f3 el tema en la reuni\u00f3n de la Organizaci\u00f3n Mundial del Comercio, en Ginebra (Suiza).<\/p>\n\n\n\n<p>En un discurso, el embajador Philip Fox-Drummond Gough, representante brasile\u00f1o, afirm\u00f3 que los aranceles son arbitrarios y se impusieron ca\u00f3ticamente, y podr\u00edan agravar el impacto en el comercio internacional.<\/p>\n\n\n\n<p>Tales tributos \u201cest\u00e1n perturbando las cadenas globales de valor y corren el riesgo de hundir la econom\u00eda mundial en una espiral de precios altos y estancamiento\u00bb, enfatiz\u00f3.<\/p>\n\n\n\n<p>El discurso no mencion\u00f3 directamente a Trump, pero destac\u00f3 la imposici\u00f3n de tarifas sin previo aviso.<\/p>\n\n\n\n<p>\u00abLas medidas plantean cuestiones fundamentales sobre la no discriminaci\u00f3n y el trato de naci\u00f3n m\u00e1s favorecida, y corren el riesgo de socavar la coherencia jur\u00eddica y la previsibilidad del sistema multilateral de comercio\u00bb, refiri\u00f3.<\/p>\n\n\n\n<p>En un comunicado, el Ministerio de Relaciones Exteriores indic\u00f3 que la intervenci\u00f3n ten\u00eda como objetivo la defensa continua del sistema comercial y conden\u00f3 el uso de aranceles arbitrarios.<\/p>\n\n\n\n<p>La delegaci\u00f3n brasile\u00f1a expres\u00f3 su profunda preocupaci\u00f3n por el uso de medidas comerciales unilaterales como instrumento de injerencia en los asuntos internos de otros pa\u00edses, precis\u00f3 la Canciller\u00eda.<\/p>\n\n\n\n<p>mem\/ocs<\/p>\n","protected":false},"excerpt":{"rendered":"<p>Brasilia, jul (Prensa Latina) El presidente brasile\u00f1o, Luiz In\u00e1cio Lula da Silva, convers\u00f3 este mi\u00e9rcoles&hellip;<\/p>\n","protected":false},"author":2,"featured_media":74290,"comment_status":"open","ping_status":"open","sticky":false,"template":"","format":"standard","meta":{"footnotes":""},"categories":[52,53],"tags":[],"class_list":["post-74289","post","type-post","status-publish","format-standard","has-post-thumbnail","hentry","category-internacionales","category-prensa-latina"],"_links":{"self":[{"href":"https:\/\/eldiarioantillano.com\/uno\/wp-json\/wp\/v2\/posts\/74289","targetHints":{"allow":["GET"]}}],"collection":[{"href":"https:\/\/eldiarioantillano.com\/uno\/wp-json\/wp\/v2\/posts"}],"about":[{"href":"https:\/\/eldiarioantillano.com\/uno\/wp-json\/wp\/v2\/types\/post"}],"author":[{"embeddable":true,"href":"https:\/\/eldiarioantillano.com\/uno\/wp-json\/wp\/v2\/users\/2"}],"replies":[{"embeddable":true,"href":"https:\/\/eldiarioantillano.com\/uno\/wp-json\/wp\/v2\/comments?post=74289"}],"version-history":[{"count":1,"href":"https:\/\/eldiarioantillano.com\/uno\/wp-json\/wp\/v2\/posts\/74289\/revisions"}],"predecessor-version":[{"id":74297,"href":"https:\/\/eldiarioantillano.com\/uno\/wp-json\/wp\/v2\/posts\/74289\/revisions\/74297"}],"wp:featuredmedia":[{"embeddable":true,"href":"https:\/\/eldiarioantillano.com\/uno\/wp-json\/wp\/v2\/media\/74290"}],"wp:attachment":[{"href":"https:\/\/eldiarioantillano.com\/uno\/wp-json\/wp\/v2\/media?parent=74289"}],"wp:term":[{"taxonomy":"category","embeddable":true,"href":"https:\/\/eldiarioantillano.com\/uno\/wp-json\/wp\/v2\/categories?post=74289"},{"taxonomy":"post_tag","embeddable":true,"href":"https:\/\/eldiarioantillano.com\/uno\/wp-json\/wp\/v2\/tags?post=74289"}],"curies":[{"name":"wp","href":"https:\/\/api.w.org\/{rel}","templated":true}]}}