{"id":74263,"date":"2025-07-24T22:59:14","date_gmt":"2025-07-25T02:59:14","guid":{"rendered":"https:\/\/eldiarioantillano.com\/uno\/?p=74263"},"modified":"2025-07-24T22:59:14","modified_gmt":"2025-07-25T02:59:14","slug":"macron-anuncia-que-francia-reconocera-al-estado-palestino","status":"publish","type":"post","link":"https:\/\/eldiarioantillano.com\/uno\/2025\/07\/24\/macron-anuncia-que-francia-reconocera-al-estado-palestino\/","title":{"rendered":"Macron anuncia que Francia reconocer\u00e1 al Estado palestino"},"content":{"rendered":"\n<p>Par\u00eds, 24 jul (Prensa Latina) El presidente franc\u00e9s, Emmanuel Macron, adelant\u00f3 hoy que en septiembre anunciar\u00e1 desde la tribuna de la ONU la decisi\u00f3n de reconocer al Estado palestino, la cual consider\u00f3 un paso a favor de la paz.<br>\u201cFiel a su compromiso hist\u00f3rico con la paz justa y duradera en el Oriente Pr\u00f3ximo, decid\u00ed que Francia reconocer\u00e1 al Estado de Palestina\u201d, escribi\u00f3 el mandatario en su cuenta en X.<\/p>\n\n\n\n<p>De acuerdo con Macron, realizar\u00e1 en septiembre el anuncio solemne en la Asamblea General de las Naciones Unidas, en Nueva York, en el contexto del segmento de alto nivel del m\u00e1ximo foro deliberativo multilateral.<\/p>\n\n\n\n<p>El l\u00edder galo coloc\u00f3 desde hace algunos meses en la palestra el tema del reconocimiento a Palestina, en un escenario marcado por la agresi\u00f3n de Israel contra la Franja de Gaza en represalia por los ataques de Hamas del 7 de octubre del 2023, desatando una crisis humanitaria sin precedentes en el enclave densamente poblado.<\/p>\n\n\n\n<p>La paz es posible, insisti\u00f3 el mandatario, quien defiende la soluci\u00f3n de los dos Estados, un reclamo de la izquierda que no agrada a sectores conservadores y de la extrema derecha francesa.<\/p>\n\n\n\n<p>En ese sentido, Macron reiter\u00f3 su llamamiento a un alto el fuego inmediato en Gaza, a la liberaci\u00f3n de los rehenes israel\u00edes en poder de Hamas y a la llegada masiva de ayuda humanitaria a la Franja.<\/p>\n\n\n\n<p>A su juicio, crear un Estado palestino viable pasa por desmilitarizar a Hamas, garantizar la seguridad y la reconstrucci\u00f3n de Gaza y el pleno reconocimiento a Israel.<\/p>\n\n\n\n<p>No existe otra alternativa, subray\u00f3 el presidente franc\u00e9s, quien inst\u00f3 a trabajar a nivel nacional, internacional y europeo para demostrar que la paz es posible.<\/p>\n\n\n\n<p>arc\/wmr<\/p>\n","protected":false},"excerpt":{"rendered":"<p>Par\u00eds, 24 jul (Prensa Latina) El presidente franc\u00e9s, Emmanuel Macron, adelant\u00f3 hoy que en septiembre&hellip;<\/p>\n","protected":false},"author":2,"featured_media":74264,"comment_status":"open","ping_status":"open","sticky":false,"template":"","format":"standard","meta":{"footnotes":""},"categories":[52,53],"tags":[],"class_list":["post-74263","post","type-post","status-publish","format-standard","has-post-thumbnail","hentry","category-internacionales","category-prensa-latina"],"_links":{"self":[{"href":"https:\/\/eldiarioantillano.com\/uno\/wp-json\/wp\/v2\/posts\/74263","targetHints":{"allow":["GET"]}}],"collection":[{"href":"https:\/\/eldiarioantillano.com\/uno\/wp-json\/wp\/v2\/posts"}],"about":[{"href":"https:\/\/eldiarioantillano.com\/uno\/wp-json\/wp\/v2\/types\/post"}],"author":[{"embeddable":true,"href":"https:\/\/eldiarioantillano.com\/uno\/wp-json\/wp\/v2\/users\/2"}],"replies":[{"embeddable":true,"href":"https:\/\/eldiarioantillano.com\/uno\/wp-json\/wp\/v2\/comments?post=74263"}],"version-history":[{"count":1,"href":"https:\/\/eldiarioantillano.com\/uno\/wp-json\/wp\/v2\/posts\/74263\/revisions"}],"predecessor-version":[{"id":74265,"href":"https:\/\/eldiarioantillano.com\/uno\/wp-json\/wp\/v2\/posts\/74263\/revisions\/74265"}],"wp:featuredmedia":[{"embeddable":true,"href":"https:\/\/eldiarioantillano.com\/uno\/wp-json\/wp\/v2\/media\/74264"}],"wp:attachment":[{"href":"https:\/\/eldiarioantillano.com\/uno\/wp-json\/wp\/v2\/media?parent=74263"}],"wp:term":[{"taxonomy":"category","embeddable":true,"href":"https:\/\/eldiarioantillano.com\/uno\/wp-json\/wp\/v2\/categories?post=74263"},{"taxonomy":"post_tag","embeddable":true,"href":"https:\/\/eldiarioantillano.com\/uno\/wp-json\/wp\/v2\/tags?post=74263"}],"curies":[{"name":"wp","href":"https:\/\/api.w.org\/{rel}","templated":true}]}}