{"id":74242,"date":"2025-07-23T00:30:25","date_gmt":"2025-07-23T04:30:25","guid":{"rendered":"https:\/\/eldiarioantillano.com\/uno\/?p=74242"},"modified":"2025-07-23T00:30:28","modified_gmt":"2025-07-23T04:30:28","slug":"chile-apoya-declaracion-de-25-paises-por-el-fin-de-la-guerra-en-gaza","status":"publish","type":"post","link":"https:\/\/eldiarioantillano.com\/uno\/2025\/07\/23\/chile-apoya-declaracion-de-25-paises-por-el-fin-de-la-guerra-en-gaza\/","title":{"rendered":"Chile apoya declaraci\u00f3n de 25 pa\u00edses por el fin de la guerra en Gaza"},"content":{"rendered":"\n<p>Santiago de Chile, 22 jul (Prensa Latina) El gobierno de Chile respald\u00f3 hoy la declaraci\u00f3n conjunta de 25 pa\u00edses que exige el fin inmediato de la guerra en Gaza y expresa su preocupaci\u00f3n por la crisis humanitaria en ese territorio.<\/p>\n\n\n\n<p>Un comunicado publicado en la p\u00e1gina del Ministerio de Relaciones Exteriores recuerda que en esa franja costera miles de personas carecen de acceso al agua, alimentos, atenci\u00f3n m\u00e9dica y refugio.<\/p>\n\n\n\n<p>Chile condena en\u00e9rgicamente el uso desproporcionado de la fuerza por parte de Israel, incluidos los ataques a infraestructura humanitaria, sanitaria y religiosa, as\u00ed como cualquier intento de desplazamiento forzado de la poblaci\u00f3n palestina, se\u00f1ala el texto.<\/p>\n\n\n\n<p>La canciller\u00eda tambi\u00e9n rechaza la retenci\u00f3n de rehenes por parte de Hamas desde el 7 de octubre de 2023 y exige su liberaci\u00f3n inmediata e incondicional.<\/p>\n\n\n\n<p>El comunicado reitera la posici\u00f3n del gobierno chileno a favor de una soluci\u00f3n de dos Estados, Palestina e Israel, que coexistan en paz, seguridad y dentro de fronteras internacionalmente reconocidas, conforme al derecho internacional y a las resoluciones de las Naciones Unidas.<\/p>\n\n\n\n<p>La v\u00edspera, ministros de exteriores de 25 pa\u00edses y la comisaria de Igualdad, Preparaci\u00f3n y Gesti\u00f3n de Crisis de la Uni\u00f3n Europea, firmaron una declaraci\u00f3n conjunta donde expresaron que \u201cla guerra en Gaza debe terminar\u201d.<\/p>\n\n\n\n<p>El documento rechaza el modelo de goteo de entrega de ayuda del gobierno israel\u00ed y sus propuestas de desplazar forzosamente a la poblaci\u00f3n gazat\u00ed, lo cual constituye una violaci\u00f3n del derecho internacional humanitario.<\/p>\n\n\n\n<p>La declaraci\u00f3n, a la que se sumaron otros pa\u00edses, fue rubricada inicialmente por los cancilleres de Australia, Austria, B\u00e9lgica, Canad\u00e1, Dinamarca, Eslovenia, Espa\u00f1a, Estonia, Finlandia, Francia, Irlanda, Islandia, Italia, Jap\u00f3n, Letonia y Lituania.<\/p>\n\n\n\n<p>Tambi\u00e9n firmaron Reino Unido, Noruega, Luxemburgo, Nueva Zelanda, Pa\u00edses Bajos, Polonia, Portugal, Suecia y Suiza.<\/p>\n\n\n\n<p>rgh\/car<br><\/p>\n","protected":false},"excerpt":{"rendered":"<p>Santiago de Chile, 22 jul (Prensa Latina) El gobierno de Chile respald\u00f3 hoy la declaraci\u00f3n&hellip;<\/p>\n","protected":false},"author":2,"featured_media":74243,"comment_status":"open","ping_status":"open","sticky":false,"template":"","format":"standard","meta":{"footnotes":""},"categories":[52,53],"tags":[],"class_list":["post-74242","post","type-post","status-publish","format-standard","has-post-thumbnail","hentry","category-internacionales","category-prensa-latina"],"_links":{"self":[{"href":"https:\/\/eldiarioantillano.com\/uno\/wp-json\/wp\/v2\/posts\/74242","targetHints":{"allow":["GET"]}}],"collection":[{"href":"https:\/\/eldiarioantillano.com\/uno\/wp-json\/wp\/v2\/posts"}],"about":[{"href":"https:\/\/eldiarioantillano.com\/uno\/wp-json\/wp\/v2\/types\/post"}],"author":[{"embeddable":true,"href":"https:\/\/eldiarioantillano.com\/uno\/wp-json\/wp\/v2\/users\/2"}],"replies":[{"embeddable":true,"href":"https:\/\/eldiarioantillano.com\/uno\/wp-json\/wp\/v2\/comments?post=74242"}],"version-history":[{"count":1,"href":"https:\/\/eldiarioantillano.com\/uno\/wp-json\/wp\/v2\/posts\/74242\/revisions"}],"predecessor-version":[{"id":74244,"href":"https:\/\/eldiarioantillano.com\/uno\/wp-json\/wp\/v2\/posts\/74242\/revisions\/74244"}],"wp:featuredmedia":[{"embeddable":true,"href":"https:\/\/eldiarioantillano.com\/uno\/wp-json\/wp\/v2\/media\/74243"}],"wp:attachment":[{"href":"https:\/\/eldiarioantillano.com\/uno\/wp-json\/wp\/v2\/media?parent=74242"}],"wp:term":[{"taxonomy":"category","embeddable":true,"href":"https:\/\/eldiarioantillano.com\/uno\/wp-json\/wp\/v2\/categories?post=74242"},{"taxonomy":"post_tag","embeddable":true,"href":"https:\/\/eldiarioantillano.com\/uno\/wp-json\/wp\/v2\/tags?post=74242"}],"curies":[{"name":"wp","href":"https:\/\/api.w.org\/{rel}","templated":true}]}}