{"id":74238,"date":"2025-07-23T00:27:42","date_gmt":"2025-07-23T04:27:42","guid":{"rendered":"https:\/\/eldiarioantillano.com\/uno\/?p=74238"},"modified":"2025-07-23T00:27:42","modified_gmt":"2025-07-23T04:27:42","slug":"coopsano-celebra-exitosa-xlix-asamblea-general-anual-reforzando-su-liderazgo-cooperativo-y-compromiso-social","status":"publish","type":"post","link":"https:\/\/eldiarioantillano.com\/uno\/2025\/07\/23\/coopsano-celebra-exitosa-xlix-asamblea-general-anual-reforzando-su-liderazgo-cooperativo-y-compromiso-social\/","title":{"rendered":"COOPSANO Celebra Exitosa XLIX Asamblea General Anual Reforzando su Liderazgo Cooperativo y Compromiso Social"},"content":{"rendered":"\n<p>Jjulio de 2025. Sabaneta, Santiago Rodr\u00edguez, R.D. \u2013 La Cooperativa de Ahorro y Cr\u00e9dito Sabaneta Novillo (COOPSANO) llev\u00f3 a cabo exitosamente su XLIX Asamblea General Anual de Delegados en el Coopsano Club, Santiago Rodr\u00edguez. Este magno evento reuni\u00f3 a delegados que representan a los m\u00e1s de 100,000 asociados de la cooperativa, sirviendo como plataforma para presentar el s\u00f3lido desempe\u00f1o financiero y operativo de la instituci\u00f3n durante el a\u00f1o 2024.<\/p>\n\n\n\n<p>La elecci\u00f3n de nuevos miembros para el Consejo de Administraci\u00f3n, el Consejo de Vigilancia y el Comit\u00e9 de Cr\u00e9dito fue un punto destacado de la asamblea, consolidando as\u00ed la gobernanza de la cooperativa.<\/p>\n\n\n\n<p>La jornada fue presidida por la se\u00f1ora Tania Damaris Olivo, presidenta del Consejo de Administraci\u00f3n, quien estuvo acompa\u00f1ada por miembros de los \u00d3rganos de Direcci\u00f3n, la Comisi\u00f3n de Educaci\u00f3n y los principales ejecutivos de COOPSANO. En su mensaje, Olivo enfatiz\u00f3 el crecimiento sostenido de la instituci\u00f3n en activos, pasivos, patrimonio, solvencia y n\u00famero de asociados, consolid\u00e1ndola como un referente en el sistema cooperativo dominicano.<\/p>\n\n\n\n<p>\u00abEl verdadero esp\u00edritu cooperativo no se limita a un cargo; cada uno de nosotros tiene la capacidad de impactar positivamente en nuestra comunidad. Sigamos construyendo juntos un futuro pr\u00f3spero, solidario y esperanzador\u00bb, afirm\u00f3 la presidenta, resaltando el compromiso de COOPSANO con sus principios cooperativos.<\/p>\n\n\n\n<figure class=\"wp-block-image size-large\"><img fetchpriority=\"high\" decoding=\"async\" width=\"1024\" height=\"683\" src=\"https:\/\/eldiarioantillano.com\/uno\/wp-content\/uploads\/2025\/07\/DIG4980-1536x1024-1-1024x683.jpg\" alt=\"\" class=\"wp-image-74239\" style=\"aspect-ratio:16\/9;object-fit:cover\" srcset=\"https:\/\/eldiarioantillano.com\/uno\/wp-content\/uploads\/2025\/07\/DIG4980-1536x1024-1-1024x683.jpg 1024w, https:\/\/eldiarioantillano.com\/uno\/wp-content\/uploads\/2025\/07\/DIG4980-1536x1024-1-300x200.jpg 300w, https:\/\/eldiarioantillano.com\/uno\/wp-content\/uploads\/2025\/07\/DIG4980-1536x1024-1-768x512.jpg 768w, https:\/\/eldiarioantillano.com\/uno\/wp-content\/uploads\/2025\/07\/DIG4980-1536x1024-1-1170x780.jpg 1170w, https:\/\/eldiarioantillano.com\/uno\/wp-content\/uploads\/2025\/07\/DIG4980-1536x1024-1-585x390.jpg 585w, https:\/\/eldiarioantillano.com\/uno\/wp-content\/uploads\/2025\/07\/DIG4980-1536x1024-1-263x175.jpg 263w, https:\/\/eldiarioantillano.com\/uno\/wp-content\/uploads\/2025\/07\/DIG4980-1536x1024-1.jpg 1536w\" sizes=\"(max-width: 1024px) 100vw, 1024px\" \/><\/figure>\n\n\n\n<p>Por su parte, el ingeniero Nicanor Rodr\u00edguez presento un detallado informe de la Gerencia General. Durante su intervenci\u00f3n, enfatiz\u00f3 en los avances alcanzados en las distintas \u00e1reas de la instituci\u00f3n, vinculando gran parte de estos logros a la fortaleza econ\u00f3mica lograda mediante una administraci\u00f3n responsable orientada en estrategias sostenibles. \u201cEsta solidez ha permitido a COOPSANO fortalecer su estructura financiera y continuar invirtiendo en proyectos que benefician directamente a sus asociados\u201d afirm\u00f3.<\/p>\n\n\n\n<p>La asamblea concluy\u00f3 en un ambiente de celebraci\u00f3n con agasajos y m\u00fasica, contando con la distinguida presencia de representantes de importantes instituciones como la Federaci\u00f3n Nacional de Cooperativas de Ahorros y Cr\u00e9ditos y Afines (FENCOOP), la Asociaci\u00f3n de Instituciones Rurales de Ahorro y Cr\u00e9dito (AIRAC) y el Instituto de Desarrollo y Cr\u00e9dito Cooperativo (IDECOOP), as\u00ed como de diversas cooperativas hermanas del Sistema Cooperativista Dominicano.<\/p>\n\n\n\n<p><a href=\"https:\/\/coopsano.com\/wp-content\/uploads\/2025\/07\/DIG5025-scaled.jpg\"><\/a><\/p>\n","protected":false},"excerpt":{"rendered":"<p>Jjulio de 2025. Sabaneta, Santiago Rodr\u00edguez, R.D. \u2013 La Cooperativa de Ahorro y Cr\u00e9dito Sabaneta&hellip;<\/p>\n","protected":false},"author":2,"featured_media":74240,"comment_status":"open","ping_status":"open","sticky":false,"template":"","format":"standard","meta":{"footnotes":""},"categories":[55],"tags":[],"class_list":["post-74238","post","type-post","status-publish","format-standard","has-post-thumbnail","hentry","category-nacionales"],"_links":{"self":[{"href":"https:\/\/eldiarioantillano.com\/uno\/wp-json\/wp\/v2\/posts\/74238","targetHints":{"allow":["GET"]}}],"collection":[{"href":"https:\/\/eldiarioantillano.com\/uno\/wp-json\/wp\/v2\/posts"}],"about":[{"href":"https:\/\/eldiarioantillano.com\/uno\/wp-json\/wp\/v2\/types\/post"}],"author":[{"embeddable":true,"href":"https:\/\/eldiarioantillano.com\/uno\/wp-json\/wp\/v2\/users\/2"}],"replies":[{"embeddable":true,"href":"https:\/\/eldiarioantillano.com\/uno\/wp-json\/wp\/v2\/comments?post=74238"}],"version-history":[{"count":1,"href":"https:\/\/eldiarioantillano.com\/uno\/wp-json\/wp\/v2\/posts\/74238\/revisions"}],"predecessor-version":[{"id":74241,"href":"https:\/\/eldiarioantillano.com\/uno\/wp-json\/wp\/v2\/posts\/74238\/revisions\/74241"}],"wp:featuredmedia":[{"embeddable":true,"href":"https:\/\/eldiarioantillano.com\/uno\/wp-json\/wp\/v2\/media\/74240"}],"wp:attachment":[{"href":"https:\/\/eldiarioantillano.com\/uno\/wp-json\/wp\/v2\/media?parent=74238"}],"wp:term":[{"taxonomy":"category","embeddable":true,"href":"https:\/\/eldiarioantillano.com\/uno\/wp-json\/wp\/v2\/categories?post=74238"},{"taxonomy":"post_tag","embeddable":true,"href":"https:\/\/eldiarioantillano.com\/uno\/wp-json\/wp\/v2\/tags?post=74238"}],"curies":[{"name":"wp","href":"https:\/\/api.w.org\/{rel}","templated":true}]}}