{"id":74236,"date":"2025-07-23T00:24:17","date_gmt":"2025-07-23T04:24:17","guid":{"rendered":"https:\/\/eldiarioantillano.com\/uno\/?p=74236"},"modified":"2025-07-23T00:24:19","modified_gmt":"2025-07-23T04:24:19","slug":"catalejo-insomnio-y-tratamiento","status":"publish","type":"post","link":"https:\/\/eldiarioantillano.com\/uno\/2025\/07\/23\/catalejo-insomnio-y-tratamiento\/","title":{"rendered":"CATALEJO: Insomnio y tratamiento\u00a0 \u00a0 \u00a0 \u00a0 \u00a0 \u00a0 \u00a0 \u00a0 \u00a0 \u00a0 \u00a0 \u00a0 \u00a0 \u00a0 \u00a0 \u00a0 \u00a0 \u00a0 \u00a0 \u00a0 \u00a0 \u00a0 \u00a0 \u00a0 \u00a0 \u00a0 \u00a0 \u00a0 \u00a0 \u00a0 \u00a0 \u00a0 \u00a0 \u00a0 \u00a0 \u00a0 \u00a0 \u00a0 \u00a0 \u00a0 \u00a0 \u00a0 \u00a0 \u00a0 \u00a0 \u00a0 \u00a0 \u00a0 \u00a0 \u00a0 \u00a0 \u00a0 \u00a0 \u00a0 \u00a0 \u00a0 \u00a0 \u00a0 \u00a0 \u00a0 \u00a0 \u00a0 \u00a0 \u00a0 \u00a0 \u00a0 \u00a0 \u00a0 \u00a0 \u00a0 \u00a0 \u00a0 \u00a0 \u00a0 \u00a0 \u00a0 \u00a0 \u00a0 \u00a0 \u00a0 \u00a0 \u00a0 \u00a0 \u00a0 \u00a0 \u00a0 \u00a0 \u00a0 \u00a0 \u00a0 \u00a0 \u00a0 \u00a0 \u00a0 \u00a0 \u00a0"},"content":{"rendered":"\n<p>Por ANULFO MATEO P\u00c9REZ<\/p>\n\n\n\n<p>1 de 3<\/p>\n\n\n<div class=\"wp-block-image is-style-rounded\">\n<figure class=\"alignright size-thumbnail\"><img decoding=\"async\" width=\"150\" height=\"150\" src=\"https:\/\/eldiarioantillano.com\/uno\/wp-content\/uploads\/2023\/12\/Anulfo-Mateo-Perez-catalejo-columna-780x470-1-e1704860213105-150x150.jpg\" alt=\"\" class=\"wp-image-64779\"\/><figcaption class=\"wp-element-caption\">Anulfo Mateo P\u00e9rez<\/figcaption><\/figure>\n<\/div>\n\n\n<p>Pasamos&nbsp;durmiendo&nbsp;la tercera parte del&nbsp;tiempo que nos toca vivir, no obstante, es cada vez mayor el n\u00famero de personas que padecen de trastornos del sue\u00f1o.<\/p>\n\n\n\n<p>El insomnio es uno de los m\u00e1s frecuentes en la poblaci\u00f3n adulta.\u00a0Seg\u00fan el Dr. Ismet Karacan,\u00a0el 13% de la poblaci\u00f3n presenta insomnio de car\u00e1cter m\u00e1s o menos cr\u00f3nico.<\/p>\n\n\n\n<p>Esa&nbsp;alteraci\u00f3n del sue\u00f1o&nbsp;debe ser valorada siempre, hasta que se demuestre lo contrario, como una manifestaci\u00f3n importante de&nbsp;disturbios de la salud f\u00edsica y\/o mental,&nbsp;que debe ser exhaustivamente valorada.<\/p>\n\n\n\n<p>El insomnio se clasifica as\u00ed:<\/p>\n\n\n\n<p>1) Insomnio inicial: Dificultad en conciliar el sue\u00f1o (per\u00edodo de latencia mayor de 15 minutos).<\/p>\n\n\n\n<p>2) Insomnio medio: Despertares durante la noche.3) Insomnio matinal: Despertar temprano (acortando el per\u00edodo total de sue\u00f1o). 4) Insomnio mixto: Combinaci\u00f3n de los anteriores.<\/p>\n\n\n\n<p>Reputados laboratorios de sue\u00f1o, donde se realizan electroencefalogramas, electrooculogramas,&nbsp;electromiogramas&nbsp;y bioqu\u00edmicas han establecido&nbsp;trastornos del sue\u00f1o&nbsp;primario o espec\u00edfico y secundario o inespec\u00edfico, seg\u00fan su causa.<\/p>\n\n\n\n<p>El&nbsp;insomnio primario&nbsp;manifiesta: Latencia de sue\u00f1o (tiempo de quedarse dormido), aumentada, sue\u00f1o superficial,&nbsp;despertares frecuentes,&nbsp;prematuro&nbsp;\u201cpensamiento\u201d durante el sue\u00f1o.&nbsp;Esta modalidad de insomnio debe ser diagn\u00f3stico de exclusi\u00f3n en la pr\u00e1ctica m\u00e9dica.<\/p>\n\n\n\n<p>Estos pacientes tienden, adem\u00e1s, a&nbsp;tomar siestas durante el d\u00eda,&nbsp;y son sumamente sensibles a la privaci\u00f3n de este tipo de sue\u00f1o diurno, por el&nbsp;insomnio nocturno.<\/p>\n\n\n\n<p>Una&nbsp;temperatura ambiente&nbsp;inadecuada (alta o muy baja), donde est\u00e1 el durmiente, produce insomnio inicial y somnolencia diurna (tendencia a dormir en la ma\u00f1ana).<\/p>\n\n\n\n<p>Estas circunstancias se produce una inversi\u00f3n en el ritmo de temperaturas corporales entre el sue\u00f1o y la vigilia.<\/p>\n","protected":false},"excerpt":{"rendered":"<p>Por ANULFO MATEO P\u00c9REZ 1 de 3 Pasamos&nbsp;durmiendo&nbsp;la tercera parte del&nbsp;tiempo que nos toca vivir,&hellip;<\/p>\n","protected":false},"author":2,"featured_media":64779,"comment_status":"open","ping_status":"open","sticky":false,"template":"","format":"standard","meta":{"footnotes":""},"categories":[54,51],"tags":[],"class_list":["post-74236","post","type-post","status-publish","format-standard","has-post-thumbnail","hentry","category-anulfo-mateo","category-opinion"],"_links":{"self":[{"href":"https:\/\/eldiarioantillano.com\/uno\/wp-json\/wp\/v2\/posts\/74236","targetHints":{"allow":["GET"]}}],"collection":[{"href":"https:\/\/eldiarioantillano.com\/uno\/wp-json\/wp\/v2\/posts"}],"about":[{"href":"https:\/\/eldiarioantillano.com\/uno\/wp-json\/wp\/v2\/types\/post"}],"author":[{"embeddable":true,"href":"https:\/\/eldiarioantillano.com\/uno\/wp-json\/wp\/v2\/users\/2"}],"replies":[{"embeddable":true,"href":"https:\/\/eldiarioantillano.com\/uno\/wp-json\/wp\/v2\/comments?post=74236"}],"version-history":[{"count":1,"href":"https:\/\/eldiarioantillano.com\/uno\/wp-json\/wp\/v2\/posts\/74236\/revisions"}],"predecessor-version":[{"id":74237,"href":"https:\/\/eldiarioantillano.com\/uno\/wp-json\/wp\/v2\/posts\/74236\/revisions\/74237"}],"wp:featuredmedia":[{"embeddable":true,"href":"https:\/\/eldiarioantillano.com\/uno\/wp-json\/wp\/v2\/media\/64779"}],"wp:attachment":[{"href":"https:\/\/eldiarioantillano.com\/uno\/wp-json\/wp\/v2\/media?parent=74236"}],"wp:term":[{"taxonomy":"category","embeddable":true,"href":"https:\/\/eldiarioantillano.com\/uno\/wp-json\/wp\/v2\/categories?post=74236"},{"taxonomy":"post_tag","embeddable":true,"href":"https:\/\/eldiarioantillano.com\/uno\/wp-json\/wp\/v2\/tags?post=74236"}],"curies":[{"name":"wp","href":"https:\/\/api.w.org\/{rel}","templated":true}]}}