{"id":74234,"date":"2025-07-23T00:21:54","date_gmt":"2025-07-23T04:21:54","guid":{"rendered":"https:\/\/eldiarioantillano.com\/uno\/?p=74234"},"modified":"2025-07-23T00:21:54","modified_gmt":"2025-07-23T04:21:54","slug":"elizabeth-murray-exagente-de-la-cia-narra-cruda-experiencia-sobre-medio-oriente","status":"publish","type":"post","link":"https:\/\/eldiarioantillano.com\/uno\/2025\/07\/23\/elizabeth-murray-exagente-de-la-cia-narra-cruda-experiencia-sobre-medio-oriente\/","title":{"rendered":"Elizabeth Murray, exagente de la CIA, narra cruda experiencia sobre Medio Oriente\u00a0"},"content":{"rendered":"\n<p>Julio de 2025 (EIRNS).- Como dec\u00eda la introducci\u00f3n (en la Conferencia del Instituto Schiler en Berl\u00edn), trabaj\u00e9 27 a\u00f1os en la Agencia Central de Inteligencia (CIA), principalmente en el \u00e1rea de c\u00f3digo abierto. Ray McGovern y yo llegamos juntos; es mi colega. Se jubil\u00f3 diez a\u00f1os antes que yo. Cuando me jubil\u00e9, me invit\u00f3 a unirme a\u00a0<em>Veteran Intelligence Professionals for Sanity<\/em>, una asociaci\u00f3n de exoficiales de inteligencia que asesoran a la actual administraci\u00f3n estadounidense sobre c\u00f3mo corregir pol\u00edticas.\u00a0<\/p>\n\n\n\n<p>Adem\u00e1s, como parte de&nbsp;<em>Sam Adams Associates<\/em>, un grupo asociado, otorgamos un premio anual a denunciantes. Algunos de nuestros galardonados anteriores han sido personas como Edward Snowden, Julian Assange, Chelsea Manning y otros. Estoy muy orgullosa de formar parte de este grupo.<\/p>\n\n\n\n<p>No quiero hablar demasiado de mi carrera en inteligencia. Creo que quiz\u00e1s les interese m\u00e1s mi carrera activista. Pero s\u00ed quiero contarles una an\u00e9cdota sobre mi tiempo en la Agencia, que me motiv\u00f3 a querer convertirme inmediatamente en activista por la paz al jubilarme. En 2010, apenas unos meses antes de jubilarme, me invitaron a asistir a una prestigiosa conferencia de un grupo de expertos en Washington, D. C.&nbsp;<\/p>\n\n\n\n<p>El tema de la conferencia eran los problemas de Oriente Medio, pero en particular, el ataque de la Operaci\u00f3n Plomo Fundido de 2008-2009 perpetrado por Israel en Gaza, en el que murieron unos 1400 civiles inocentes. Hab\u00eda panelistas al frente de la sala, yo estaba entre el p\u00fablico, y cuando se mencion\u00f3 la cifra \u20141400 civiles muertos\u2014, uno de los eminentes panelistas, probablemente uno de los expertos m\u00e1s prestigiosos en Oriente Medio, esboz\u00f3 una extra\u00f1a sonrisa de suficiencia; y dijo: \u00abSaben, es una l\u00e1stima, pero de vez en cuando hay que cortar el c\u00e9sped\u00bb.&nbsp;<\/p>\n\n\n\n<p>Su reacci\u00f3n a esta an\u00e9cdota me demuestra que todos tienen un coraz\u00f3n humano, pero la reacci\u00f3n del p\u00fablico ese d\u00eda fue de risa. Hubo una leve risa en la sala; la gente sonre\u00eda ante la idea de que cada pocos a\u00f1os, Israel puede entrar en Gaza o en cualquier parte de los Territorios Ocupados y eliminar a la nueva generaci\u00f3n de j\u00f3venes para asegurarse de que no crezcan demasiados militantes bajo la ocupaci\u00f3n; lo cual, como saben, es una situaci\u00f3n intolerable.<\/p>\n\n\n\n<p>Yo estaba entre el p\u00fablico ese d\u00eda y recuerdo mirar a mi alrededor y ver que ni una sola persona se opon\u00eda. Realmente me pregunt\u00e9 ese d\u00eda: \u00ab\u00bfQu\u00e9 hago aqu\u00ed? No pertenezco aqu\u00ed\u00bb. Tuve el privilegio de vivir en Oriente Medio durante varios a\u00f1os en la d\u00e9cada de 1980. Visit\u00e9 Jerusal\u00e9n Este, Cisjordania y Gaza; y tuve la oportunidad de ver con mis propios ojos lo que realmente estaba sucediendo. Me di cuenta de que era muy diferente de lo que nos contaban los medios estadounidenses. Pero hubo varios incidentes similares a lo largo de mi carrera, as\u00ed que tan pronto como pude jubilarme, lo cual necesitaba hacer para cuidar de mi madre, me jubil\u00e9 de inmediato.&nbsp;<\/p>\n\n\n\n<p>Me un\u00ed de inmediato al movimiento por la paz, en particular al movimiento contra las armas nucleares. Ahora soy miembro del Consejo de Administraci\u00f3n del Centro Ground Zero para la Acci\u00f3n No Violenta en el estado de Washington. Tenemos una casa all\u00ed en 1,4 hect\u00e1reas, y compartimos la valla fronteriza de nuestra propiedad con la base naval Kitsap-Bangor, que alberga ocho submarinos nucleares Trident, cada uno con capacidad para tres bombas de Hiroshima y Nagasaki. Cada a\u00f1o, nuestro centro organiza tres acciones diferentes; una de ellas el D\u00eda de Martin Luther King. Para estas acciones, solemos ir a la base a protestar contra las armas nucleares. Tambi\u00e9n vamos el D\u00eda de la Madre y en la conmemoraci\u00f3n del bombardeo de Hiroshima y Nagasaki.<\/p>\n\n\n\n<p>En realidad, me gustar\u00eda mencionar que unos d\u00edas antes de que Ray y yo lleg\u00e1ramos a Berl\u00edn, paramos en Coblenza para visitar a un pastor, el padre Rolf Stahl es su nombre. Visitamos al padre Stahl porque una colega m\u00eda estadounidense que tambi\u00e9n es resistente nuclear, puede que conozcan su nombre, su nombre es Susan Crane. Susan Crane form\u00f3 parte de un grupo internacional que protest\u00f3 en B\u00fcchel hace unos a\u00f1os. Susan entr\u00f3 en la base de B\u00fcchel donde, como saben, se almacenan armas nucleares estadounidenses. Ella y sus colegas colocaron hogazas de pan en misiles y aviones que lanzar\u00edan armas nucleares. En otras palabras, pan, no bombas.&nbsp;<\/p>\n\n\n\n<p>Pas\u00f3 7,5 meses en una prisi\u00f3n alemana; sali\u00f3 a principios de este a\u00f1o. Mientras estuvo en una prisi\u00f3n alemana, ten\u00eda 81 a\u00f1os; as\u00ed que la administraci\u00f3n de la prisi\u00f3n estaba preocupada por ella porque no se puede ser liberado para trabajar a menos que se sea menor de 65. All\u00ed estaba, sola, sin hacer nada. As\u00ed que la liberaron para que trabajara con el padre Rolf Stahl. Trabaj\u00f3 en el jard\u00edn y cosas as\u00ed. Pero no solo trabajaba; Instruy\u00f3 a toda la comunidad sobre las armas nucleares y la importancia de oponerse a ellas. As\u00ed que, cuando Ray y yo la visitamos, todos sab\u00edan qui\u00e9n era Susan Crane; todos sent\u00edan un profundo respeto por ella.<\/p>\n\n\n\n<p>Solo cuento esta an\u00e9cdota porque es un ejemplo de lo que una persona puede hacer. Estaba en una situaci\u00f3n dif\u00edcil, en prisi\u00f3n, pero la aprovech\u00f3 al m\u00e1ximo. Educ\u00f3 a todos e inspir\u00f3 a la gente. As\u00ed que es algo maravilloso que ha sucedido con personas que se han unido a grupos internacionales y pueden difundir el mensaje. Tambi\u00e9n quiero mencionar que en el Centro&nbsp;<em>Ground Zero<\/em>, donde soy voluntario en el estado de Washington, muchos de nuestros miembros son exempleados de la base. Uno de ellos es excapit\u00e1n de un submarino de ataque nuclear. As\u00ed que existe el potencial de transformaci\u00f3n.<\/p>\n\n\n\n<p>Intentamos conectar con quienes al principio no est\u00e9n de acuerdo con nosotros; les hablamos con calma y serenidad, y simplemente plantamos semillas y vemos qu\u00e9 sucede. Tambi\u00e9n repartimos folletos en la base; una de nuestras miembros conoci\u00f3 a su esposo de esa manera. \u00c9l era empleado de la base. Pero tenemos una relaci\u00f3n respetuosa con la base; llevamos all\u00ed m\u00e1s de 45 a\u00f1os. Saben que estamos aqu\u00ed para quedarnos; no nos iremos a ninguna parte. Estoy muy orgulloso de ser parte de esto.<\/p>\n\n\n\n<p>Solo quiero mencionar una cosa m\u00e1s sobre m\u00ed. Tengo que comparecer ante el tribunal en Tucson, Arizona, el 2 de septiembre. Me han acusado de allanamiento ilegal. Fui uno de los varios activistas que entraron en las instalaciones de Raytheon en Tucson, Arizona, que ahora fabrica armas nucleares, adem\u00e1s de armas convencionales que se utilizan en Gaza y otros lugares bombardeados por Estados Unidos. Raytheon emplea a 15.000 personas en la zona de Tucson y, por desgracia, es el mayor empleador. As\u00ed que entr\u00e9 en las instalaciones de Raytheon. El personal de seguridad intent\u00f3 convencernos de que nos fu\u00e9ramos, pero nos quedamos all\u00ed parados.<\/p>\n\n\n\n<p>&nbsp;La raz\u00f3n por la que nos quedamos all\u00ed parados fue que era Mi\u00e9rcoles de Ceniza y ten\u00edamos un cartel que dec\u00eda: \u00abLas armas nucleares de Raytheon nos convertir\u00e1n a todos en cenizas\u00bb. Cuando nos arrestaron, no nos quitaron el cartel, as\u00ed que lo seguimos sosteniendo. Tampoco nos esposaron; nos trataban con mucho respeto. Vimos a los empleados entrar en Raytheon, mirando las luces intermitentes de la polic\u00eda. La mayor\u00eda levant\u00f3 el pulgar y salud\u00f3. As\u00ed que nunca subestimes tu poder para transformar a las personas. Nunca sabes a qui\u00e9n puedes llegar con tus acciones. Muchas gracias.<\/p>\n","protected":false},"excerpt":{"rendered":"<p>Julio de 2025 (EIRNS).- Como dec\u00eda la introducci\u00f3n (en la Conferencia del Instituto Schiler en&hellip;<\/p>\n","protected":false},"author":2,"featured_media":72535,"comment_status":"open","ping_status":"open","sticky":false,"template":"","format":"standard","meta":{"footnotes":""},"categories":[78,52],"tags":[],"class_list":["post-74234","post","type-post","status-publish","format-standard","has-post-thumbnail","hentry","category-eirns","category-internacionales"],"_links":{"self":[{"href":"https:\/\/eldiarioantillano.com\/uno\/wp-json\/wp\/v2\/posts\/74234","targetHints":{"allow":["GET"]}}],"collection":[{"href":"https:\/\/eldiarioantillano.com\/uno\/wp-json\/wp\/v2\/posts"}],"about":[{"href":"https:\/\/eldiarioantillano.com\/uno\/wp-json\/wp\/v2\/types\/post"}],"author":[{"embeddable":true,"href":"https:\/\/eldiarioantillano.com\/uno\/wp-json\/wp\/v2\/users\/2"}],"replies":[{"embeddable":true,"href":"https:\/\/eldiarioantillano.com\/uno\/wp-json\/wp\/v2\/comments?post=74234"}],"version-history":[{"count":1,"href":"https:\/\/eldiarioantillano.com\/uno\/wp-json\/wp\/v2\/posts\/74234\/revisions"}],"predecessor-version":[{"id":74235,"href":"https:\/\/eldiarioantillano.com\/uno\/wp-json\/wp\/v2\/posts\/74234\/revisions\/74235"}],"wp:featuredmedia":[{"embeddable":true,"href":"https:\/\/eldiarioantillano.com\/uno\/wp-json\/wp\/v2\/media\/72535"}],"wp:attachment":[{"href":"https:\/\/eldiarioantillano.com\/uno\/wp-json\/wp\/v2\/media?parent=74234"}],"wp:term":[{"taxonomy":"category","embeddable":true,"href":"https:\/\/eldiarioantillano.com\/uno\/wp-json\/wp\/v2\/categories?post=74234"},{"taxonomy":"post_tag","embeddable":true,"href":"https:\/\/eldiarioantillano.com\/uno\/wp-json\/wp\/v2\/tags?post=74234"}],"curies":[{"name":"wp","href":"https:\/\/api.w.org\/{rel}","templated":true}]}}