{"id":74220,"date":"2025-07-22T00:18:53","date_gmt":"2025-07-22T04:18:53","guid":{"rendered":"https:\/\/eldiarioantillano.com\/uno\/?p=74220"},"modified":"2025-07-22T00:18:55","modified_gmt":"2025-07-22T04:18:55","slug":"el-papa-leon-xiv-pide-el-fin-de-la-barbarie-de-la-guerra-en-gaza","status":"publish","type":"post","link":"https:\/\/eldiarioantillano.com\/uno\/2025\/07\/22\/el-papa-leon-xiv-pide-el-fin-de-la-barbarie-de-la-guerra-en-gaza\/","title":{"rendered":"El Papa Le\u00f3n XIV pide el fin de la \u00abbarbarie\u00bb de la guerra en Gaza"},"content":{"rendered":"\n<p>Julio de 2025 (EIRNS)\u2014En respuesta al mort\u00edfero bombardeo de las Fuerzas de Defensa de Israel contra la Iglesia de la Sagrada Familia en Gaza \u2014la \u00fanica iglesia cat\u00f3lica de la ciudad\u2014, el Papa Le\u00f3n XIV ley\u00f3 el 20 de julio los nombres de los tres muertos y los nueve heridos en el bombardeo de las Fuerzas de Defensa de Israel contra la iglesia el 17 de julio, y exigi\u00f3 el fin de la \u00abbarbarie\u00bb de la guerra en Gaza. \u00abEste acto, lamentablemente, se suma a los continuos ataques militares contra la poblaci\u00f3n civil y los lugares de culto en Gaza\u00bb, declar\u00f3 tras el rezo del \u00c1ngelus, seg\u00fan inform\u00f3 NBC News.<\/p>\n\n\n<div class=\"wp-block-image\">\n<figure class=\"alignleft size-large is-resized\"><img fetchpriority=\"high\" decoding=\"async\" width=\"767\" height=\"1024\" src=\"https:\/\/eldiarioantillano.com\/uno\/wp-content\/uploads\/2025\/07\/960px-Pope_Leo_XIV_3_3x4_cropped-767x1024.png\" alt=\"\" class=\"wp-image-74221\" style=\"width:303px;height:auto\" srcset=\"https:\/\/eldiarioantillano.com\/uno\/wp-content\/uploads\/2025\/07\/960px-Pope_Leo_XIV_3_3x4_cropped-767x1024.png 767w, https:\/\/eldiarioantillano.com\/uno\/wp-content\/uploads\/2025\/07\/960px-Pope_Leo_XIV_3_3x4_cropped-225x300.png 225w, https:\/\/eldiarioantillano.com\/uno\/wp-content\/uploads\/2025\/07\/960px-Pope_Leo_XIV_3_3x4_cropped-768x1025.png 768w, https:\/\/eldiarioantillano.com\/uno\/wp-content\/uploads\/2025\/07\/960px-Pope_Leo_XIV_3_3x4_cropped-585x781.png 585w, https:\/\/eldiarioantillano.com\/uno\/wp-content\/uploads\/2025\/07\/960px-Pope_Leo_XIV_3_3x4_cropped.png 960w\" sizes=\"(max-width: 767px) 100vw, 767px\" \/><figcaption class=\"wp-element-caption\">Papa Le\u00f3n XIV<br>(Cr\u00e9dito: Edgar Beltr\u00e1n, The Pillar)<\/figcaption><\/figure>\n<\/div>\n\n\n<p>La iglesia era vigilada de cerca por el difunto papa Francisco, quien hablaba a diario con su p\u00e1rroco. En una visita inusual y arriesgada a Gaza, el cardenal Pierbattista Pizzaballa, patriarca latino de Jerusal\u00e9n, y Te\u00f3filos III, patriarca greco-ortodoxo de Jerusal\u00e9n, encabezaron una delegaci\u00f3n al territorio el 18 de julio. En declaraciones al Corriere della Sera de Italia , Pizzaballa afirm\u00f3 que la presencia cat\u00f3lica en Gaza se mantendr\u00eda \u00abpase lo que pase\u00bb, al tiempo que expres\u00f3 dudas sobre la afirmaci\u00f3n de Israel de que el ataque fue accidental. Las ventanas rotas y la fachada quemada de la iglesia dan fe del ataque. \u00abNo somos un objetivo. Dicen que fue un error. Aunque todos aqu\u00ed crean que no lo fue\u00bb, dijo, seg\u00fan inform\u00f3 Ha&#8217;aretz el 20 de julio. Pizzaballa ofici\u00f3 la misa dominical del 20 de julio en la iglesia.<\/p>\n\n\n\n<p>Quiz\u00e1s, debido a la aparente \u00abmala imagen\u00bb, el presidente estadounidense Trump llam\u00f3 al primer ministro israel\u00ed Netanyahu despu\u00e9s del atentado para advertirle que dejara de hacerlo. Netanyahu llam\u00f3 al papa Le\u00f3n el 18 de julio para disculparse, pero atribuy\u00f3 p\u00fablicamente el incidente a \u00abmunici\u00f3n extraviada\u00bb.<\/p>\n\n\n\n<p>Parece haber una reacci\u00f3n adicional peque\u00f1a pero importante. Un art\u00edculo del 20 de julio en Ha&#8217;aretz informa que hay una creciente \u00abreacci\u00f3n evang\u00e9lica contra Israel dentro de MAGA\u00bb. El 17 de julio, la fiel aliada de Trump, Marjorie Taylor Greene, republicana por Georgia, present\u00f3 un proyecto de ley para despojar a Israel de 500 millones de d\u00f3lares de la financiaci\u00f3n militar estadounidense, que solo fue apoyada por otros cinco representantes, pero marc\u00f3 una rara reprimenda abierta. Haaretz inform\u00f3 que el influyente escritor conservador Michael Knowles le dijo a Israel: \u00abMe est\u00e1n perdiendo\u00bb. \u00abEl gobierno israel\u00ed realmente est\u00e1 cometiendo un error. Esta horrible guerra debe terminar por completo\u00bb. El representante Riley Moore (republicano por Virginia Occidental) advirti\u00f3: \u00abInsto a Israel a utilizar sus capacidades de discriminaci\u00f3n de objetivos militares para garantizar la protecci\u00f3n de las iglesias cat\u00f3licas y otros sitios cristianos\u00bb. La paliza mortal del 11 de julio al estadounidense Sayfollah Saif Musallet, de 20 a\u00f1os, a manos de colonos israel\u00edes de Cisjordania similares al Ku Klux Klan tambi\u00e9n est\u00e1 desencadenando una reacci\u00f3n.<\/p>\n\n\n\n<p>Con cada nueva atrocidad, el lobby sionista progenocidio pierde a m\u00e1s de sus antiguos seguidores. El goteo debe convertirse en un diluvio.<\/p>\n","protected":false},"excerpt":{"rendered":"<p>Julio de 2025 (EIRNS)\u2014En respuesta al mort\u00edfero bombardeo de las Fuerzas de Defensa de Israel&hellip;<\/p>\n","protected":false},"author":2,"featured_media":74221,"comment_status":"open","ping_status":"open","sticky":false,"template":"","format":"standard","meta":{"footnotes":""},"categories":[78,52],"tags":[],"class_list":["post-74220","post","type-post","status-publish","format-standard","has-post-thumbnail","hentry","category-eirns","category-internacionales"],"_links":{"self":[{"href":"https:\/\/eldiarioantillano.com\/uno\/wp-json\/wp\/v2\/posts\/74220","targetHints":{"allow":["GET"]}}],"collection":[{"href":"https:\/\/eldiarioantillano.com\/uno\/wp-json\/wp\/v2\/posts"}],"about":[{"href":"https:\/\/eldiarioantillano.com\/uno\/wp-json\/wp\/v2\/types\/post"}],"author":[{"embeddable":true,"href":"https:\/\/eldiarioantillano.com\/uno\/wp-json\/wp\/v2\/users\/2"}],"replies":[{"embeddable":true,"href":"https:\/\/eldiarioantillano.com\/uno\/wp-json\/wp\/v2\/comments?post=74220"}],"version-history":[{"count":1,"href":"https:\/\/eldiarioantillano.com\/uno\/wp-json\/wp\/v2\/posts\/74220\/revisions"}],"predecessor-version":[{"id":74222,"href":"https:\/\/eldiarioantillano.com\/uno\/wp-json\/wp\/v2\/posts\/74220\/revisions\/74222"}],"wp:featuredmedia":[{"embeddable":true,"href":"https:\/\/eldiarioantillano.com\/uno\/wp-json\/wp\/v2\/media\/74221"}],"wp:attachment":[{"href":"https:\/\/eldiarioantillano.com\/uno\/wp-json\/wp\/v2\/media?parent=74220"}],"wp:term":[{"taxonomy":"category","embeddable":true,"href":"https:\/\/eldiarioantillano.com\/uno\/wp-json\/wp\/v2\/categories?post=74220"},{"taxonomy":"post_tag","embeddable":true,"href":"https:\/\/eldiarioantillano.com\/uno\/wp-json\/wp\/v2\/tags?post=74220"}],"curies":[{"name":"wp","href":"https:\/\/api.w.org\/{rel}","templated":true}]}}