{"id":74088,"date":"2025-07-15T00:00:00","date_gmt":"2025-07-15T04:00:00","guid":{"rendered":"https:\/\/eldiarioantillano.com\/uno\/?p=74088"},"modified":"2025-07-14T23:32:05","modified_gmt":"2025-07-15T03:32:05","slug":"presidente-de-iran-visita-familias-afectadas-por-agresion-israeli","status":"publish","type":"post","link":"https:\/\/eldiarioantillano.com\/uno\/2025\/07\/15\/presidente-de-iran-visita-familias-afectadas-por-agresion-israeli\/","title":{"rendered":"Presidente de Ir\u00e1n visita familias afectadas por agresi\u00f3n israel\u00ed"},"content":{"rendered":"\n<p>Teher\u00e1n, 14 jul (Prensa Latina) El presidente de Ir\u00e1n, Masoud Pezeshkian, intercambi\u00f3 hoy con algunas familias afectadas por la guerra israel\u00ed contra la naci\u00f3n durante el mes pasado.<\/p>\n\n\n\n<p>De acuerdo con la administraci\u00f3n de Pezeshkian, el mandatario conoci\u00f3 de la situaci\u00f3n actual en el recorrido por uno de los centros de vivienda en la provincia de Teher\u00e1n.<\/p>\n\n\n\n<p>En la estancia, el gobernante habl\u00f3 con familias cuyas casas fueron da\u00f1adas durante la agresi\u00f3n del r\u00e9gimen sionista contra Ir\u00e1n.<\/p>\n\n\n\n<p>Pezeshkian pregunt\u00f3 sobre la ayuda recibida y asegur\u00f3 que el gobierno y todas las agencias pertinentes brindar\u00e1n el apoyo necesario para compensar los da\u00f1os ocasionados.<\/p>\n\n\n\n<p>El presidente iran\u00ed estuvo acompa\u00f1ado por el jefe de gabinete, el gobernador general de la provincia de Teher\u00e1n, el alcalde y el viceministro de patrimonio cultural para el turismo.<\/p>\n\n\n\n<p>Seg\u00fan cifras oficiales, el gobierno del presidente Pezeshkian aprob\u00f3 la asignaci\u00f3n de m\u00e1s de 11 millones de d\u00f3lares para el alojamiento temporal de las familias afectadas por la guerra sionista.<\/p>\n\n\n\n<p>La agresi\u00f3n de 12 d\u00edas contra Ir\u00e1n provoc\u00f3 unas ocho mil 200 viviendas da\u00f1adas, incluidas 400 que quedaron completamente destruidas.<\/p>\n\n\n\n<p>Al menos mil 100 civiles perdieron la vida, entre ellos 132 mujeres y 45 ni\u00f1os, e hirieron a m\u00e1s de cinco mil 700.<\/p>\n\n\n\n<p>jha\/yma<\/p>\n","protected":false},"excerpt":{"rendered":"<p>Teher\u00e1n, 14 jul (Prensa Latina) El presidente de Ir\u00e1n, Masoud Pezeshkian, intercambi\u00f3 hoy con algunas&hellip;<\/p>\n","protected":false},"author":2,"featured_media":74090,"comment_status":"open","ping_status":"open","sticky":false,"template":"","format":"standard","meta":{"footnotes":""},"categories":[52,53],"tags":[],"class_list":["post-74088","post","type-post","status-publish","format-standard","has-post-thumbnail","hentry","category-internacionales","category-prensa-latina"],"_links":{"self":[{"href":"https:\/\/eldiarioantillano.com\/uno\/wp-json\/wp\/v2\/posts\/74088","targetHints":{"allow":["GET"]}}],"collection":[{"href":"https:\/\/eldiarioantillano.com\/uno\/wp-json\/wp\/v2\/posts"}],"about":[{"href":"https:\/\/eldiarioantillano.com\/uno\/wp-json\/wp\/v2\/types\/post"}],"author":[{"embeddable":true,"href":"https:\/\/eldiarioantillano.com\/uno\/wp-json\/wp\/v2\/users\/2"}],"replies":[{"embeddable":true,"href":"https:\/\/eldiarioantillano.com\/uno\/wp-json\/wp\/v2\/comments?post=74088"}],"version-history":[{"count":1,"href":"https:\/\/eldiarioantillano.com\/uno\/wp-json\/wp\/v2\/posts\/74088\/revisions"}],"predecessor-version":[{"id":74093,"href":"https:\/\/eldiarioantillano.com\/uno\/wp-json\/wp\/v2\/posts\/74088\/revisions\/74093"}],"wp:featuredmedia":[{"embeddable":true,"href":"https:\/\/eldiarioantillano.com\/uno\/wp-json\/wp\/v2\/media\/74090"}],"wp:attachment":[{"href":"https:\/\/eldiarioantillano.com\/uno\/wp-json\/wp\/v2\/media?parent=74088"}],"wp:term":[{"taxonomy":"category","embeddable":true,"href":"https:\/\/eldiarioantillano.com\/uno\/wp-json\/wp\/v2\/categories?post=74088"},{"taxonomy":"post_tag","embeddable":true,"href":"https:\/\/eldiarioantillano.com\/uno\/wp-json\/wp\/v2\/tags?post=74088"}],"curies":[{"name":"wp","href":"https:\/\/api.w.org\/{rel}","templated":true}]}}