{"id":74084,"date":"2025-07-14T00:00:00","date_gmt":"2025-07-14T04:00:00","guid":{"rendered":"https:\/\/eldiarioantillano.com\/uno\/?p=74084"},"modified":"2025-07-13T21:11:27","modified_gmt":"2025-07-14T01:11:27","slug":"las-primarias-chilenas-y-las-nuestras-i","status":"publish","type":"post","link":"https:\/\/eldiarioantillano.com\/uno\/2025\/07\/14\/las-primarias-chilenas-y-las-nuestras-i\/","title":{"rendered":"Las primarias chilenas y las nuestras (I)"},"content":{"rendered":"\n<p>Por C\u00c9SAR P\u00c9REZ<\/p>\n\n\n<div class=\"wp-block-image is-style-rounded\">\n<figure class=\"alignright size-thumbnail\"><img decoding=\"async\" width=\"150\" height=\"150\" src=\"https:\/\/eldiarioantillano.com\/uno\/wp-content\/uploads\/2023\/10\/Cesar-Perez-150x150.png\" alt=\"\" class=\"wp-image-63777\" srcset=\"https:\/\/eldiarioantillano.com\/uno\/wp-content\/uploads\/2023\/10\/Cesar-Perez-150x150.png 150w, https:\/\/eldiarioantillano.com\/uno\/wp-content\/uploads\/2023\/10\/Cesar-Perez-585x585.png 585w\" sizes=\"(max-width: 150px) 100vw, 150px\" \/><figcaption class=\"wp-element-caption\">C\u00e9sar P\u00e9rez<\/figcaption><\/figure>\n<\/div>\n\n\n<p>Aunque oficialmente todav\u00eda no est\u00e1 abierta la campa\u00f1a electoral, como de costumbre, ya las primarias para escoger los aspirantes a cargos electivos se desarrollan a tambor batiente en todos los escenarios. Una pr\u00e1ctica que nadie parece poder detener y que generalmente aqu\u00ed discurre con alto contenido de inequidad e iniquidad, rest\u00e1ndole contenido democr\u00e1tico, racionalidad y efectividad a esa actividad pol\u00edtica que no pocas veces termina en traumas o en irremediables fracturas en los partidos. No existe una f\u00f3rmula m\u00e1gica para evitar que esto suceda, pero s\u00ed podr\u00eda decirse que reglas claras, democr\u00e1ticamente establecidas por las direcciones partidaria para el discurrir de las primarias podr\u00edan ser un medio para impedirlo o al menos para atenuar eventuales efectos perversos.<\/p>\n\n\n\n<p>A ese prop\u00f3sito, podr\u00eda ser un buen ejemplo las reci\u00e9n finalizadas primarias realizadas en Chile, con la participaci\u00f3n de cuatro candidaturas representando las colectividades que sostienen el actual gobierno. Y no solo por el comportamiento las dos principales candidatas en liza, una vez terminado el proceso electoral, sino por las razones que podr\u00edan explicar sus resultados y qu\u00e9 puede ocurrir cuando las primarias discurren con reglas claras, generosidad y madurez pol\u00edticas. De los cuatro, las de mejor desempe\u00f1o fueron Jeannette Jara, del partido comunista, y Carolina Toh\u00e1, socialdem\u00f3crata. La primera gan\u00f3 ampliamente, m\u00e1s del doble de los votos obtenidos por segunda. Pero nada de berrinches ni divisi\u00f3n, a pesa de las diferencias entre ambas en t\u00e9rminos pol\u00edticos y de talante, adem\u00e1s de las tensiones que por momentos tuvieron.<\/p>\n\n\n\n<p>Durante el acto de celebraci\u00f3n del triunfo de Jara, en primera fila y a su lado estaba Toh\u00e1. Una estimulante lecci\u00f3n de madurez y generosidad. Pero hay otra lecci\u00f3n que podr\u00eda estar explicando por qu\u00e9 el triunfo de una y la derrota de la otra. El talante de cada una influy\u00f3 en los resultados, pero pienso que posiblemente el desempe\u00f1o de ellas en el gobierno jug\u00f3 un papel de primera importancia. Jara cobr\u00f3 los cr\u00e9ditos de su alta valoraci\u00f3n como ministra de Trabajo y por su tenacidad capacidad negociadora manteniendo sus principios. Toh\u00e1, justa o injustamente, quiz\u00e1 pag\u00f3 una atribuida deuda en su desempe\u00f1o como ministra de Interior en un pa\u00eds con fuerte discusi\u00f3n de los temas seguridad y migraci\u00f3n. Eso demuestra que la valoraci\u00f3n del desempe\u00f1o de un candidato como funcionario p\u00fablico es clave para sus aspiraciones.<\/p>\n\n\n\n<p>A diferencia de nosotros, Chile tiene una larga tradici\u00f3n de pol\u00edticas de alianzas, de madurez y de luchas pol\u00edticas en las m\u00e1s duras condiciones y por eso no es casual que se eligiera una candidata del perfil y militancia de Jara y que las fuerzas que le disputaron el triunfo manifestaran su firme voluntad de apoyarla como candidata la presidencia por la coalici\u00f3n que hoy gobierna, independientemente de las diferencias en cuanto a adscripciones ideol\u00f3gicas. Algo que cobra importancia\/urgencia, dada las amenazas de lar la ultraderecha neofascista\/pinochetista que se cierne sobre ese pa\u00eds. En el caso nuestro, las experiencias en esta cuesti\u00f3n han sido decididamente desgarradoras. De las luchas y resultados de muchas primarias se han originado sonadas y profundas divisiones en varios partidos.<\/p>\n\n\n\n<p>Estas destruyeron al entonces PRD, impidieron que el reformismo trascendiera a Balaguer y amenazan con llevar al PLD despe\u00f1adero en t\u00e9rminos electorales. En todas esas experiencias el problema principal radic\u00f3 en el p\u00e9simo desempe\u00f1o sus m\u00e1ximas direcciones en la conducci\u00f3n de los procesos de primarias, favoreciendo candidatos de perfil claramente perdedor e impidiendo que algunos con grandes proyecciones para el partido y\/o el pa\u00eds alcanzasen la nominaci\u00f3n. Pero el problema de fondo, en todos los casos, fue la inexistencia de proyecto pol\u00edtico sustentado en ideas de cambio, en breve, en concepciones ideol\u00f3gicas claras interiorizadas por el partido y los principales dirigentes, o el principal, como ancla para mantener firme el partido en medio de cualquier temporal.<\/p>\n\n\n\n<p>Es ese el factor la clave que han impedido las divisiones de las colectividades pol\u00edticas chilenas participantes en las primarias. O en casos en que perdedores de un proceso mantuvieron sus perspectivas de triunfo en futuras contiendas electorales. Por ejemplo, Allende en Chile y Lula en Brasil. Ambos concurrieron tres veces como candidatos a la presidencia, cada uno ganando en el cuarto intento no solo por m\u00e9ritos propios, sino tambi\u00e9n del movimiento pol\u00edtico-ideol\u00f3gico que los sostuvieron. Ah\u00ed est\u00e1 la clave de cualquier candidatura presidencial que pretenda ser de cambio o de permanecer en el tiempo. Ser\u00eda iluso pedirle una reflexi\u00f3n sobre estas cuestiones a determinados candidatos, pero ped\u00edrsela a los dirigentes partidarios o el principal constituye un imperativo<\/p>\n\n\n\n<p>Hoy, muchos dicen que las concepciones ideol\u00f3gicas no existen o no cuentan. Es curioso, pero la generalidad de quienes as\u00ed afirman tiende a ser de derecha o de derecha extrema. El principal deber de una direcci\u00f3n partidaria es hacer que su partido trascienda cualquier resultado electoral, que si es derrotado se preserve y prepare para nuevas batallas. Pero eso no se logra sin ideas fuertes que determinen una identidad partidaria. Tampoco, sin que los diferentes aspirantes acepten los resultados o si el candidato vencedor de una primaria, m\u00e1s que del partido lo es de su grupo. Lo dice la experiencia.<\/p>\n","protected":false},"excerpt":{"rendered":"<p>Por C\u00c9SAR P\u00c9REZ Aunque oficialmente todav\u00eda no est\u00e1 abierta la campa\u00f1a electoral, como de costumbre,&hellip;<\/p>\n","protected":false},"author":2,"featured_media":63777,"comment_status":"open","ping_status":"open","sticky":false,"template":"","format":"standard","meta":{"footnotes":""},"categories":[71,52,51],"tags":[],"class_list":["post-74084","post","type-post","status-publish","format-standard","has-post-thumbnail","hentry","category-cesar-perez","category-internacionales","category-opinion"],"_links":{"self":[{"href":"https:\/\/eldiarioantillano.com\/uno\/wp-json\/wp\/v2\/posts\/74084","targetHints":{"allow":["GET"]}}],"collection":[{"href":"https:\/\/eldiarioantillano.com\/uno\/wp-json\/wp\/v2\/posts"}],"about":[{"href":"https:\/\/eldiarioantillano.com\/uno\/wp-json\/wp\/v2\/types\/post"}],"author":[{"embeddable":true,"href":"https:\/\/eldiarioantillano.com\/uno\/wp-json\/wp\/v2\/users\/2"}],"replies":[{"embeddable":true,"href":"https:\/\/eldiarioantillano.com\/uno\/wp-json\/wp\/v2\/comments?post=74084"}],"version-history":[{"count":1,"href":"https:\/\/eldiarioantillano.com\/uno\/wp-json\/wp\/v2\/posts\/74084\/revisions"}],"predecessor-version":[{"id":74085,"href":"https:\/\/eldiarioantillano.com\/uno\/wp-json\/wp\/v2\/posts\/74084\/revisions\/74085"}],"wp:featuredmedia":[{"embeddable":true,"href":"https:\/\/eldiarioantillano.com\/uno\/wp-json\/wp\/v2\/media\/63777"}],"wp:attachment":[{"href":"https:\/\/eldiarioantillano.com\/uno\/wp-json\/wp\/v2\/media?parent=74084"}],"wp:term":[{"taxonomy":"category","embeddable":true,"href":"https:\/\/eldiarioantillano.com\/uno\/wp-json\/wp\/v2\/categories?post=74084"},{"taxonomy":"post_tag","embeddable":true,"href":"https:\/\/eldiarioantillano.com\/uno\/wp-json\/wp\/v2\/tags?post=74084"}],"curies":[{"name":"wp","href":"https:\/\/api.w.org\/{rel}","templated":true}]}}