{"id":74080,"date":"2025-07-14T00:06:00","date_gmt":"2025-07-14T04:06:00","guid":{"rendered":"https:\/\/eldiarioantillano.com\/uno\/?p=74080"},"modified":"2025-07-13T21:06:50","modified_gmt":"2025-07-14T01:06:50","slug":"elon-musk-de-lleno-en-politica-con-su-partido-america","status":"publish","type":"post","link":"https:\/\/eldiarioantillano.com\/uno\/2025\/07\/14\/elon-musk-de-lleno-en-politica-con-su-partido-america\/","title":{"rendered":"Elon Musk, \u00bfde lleno en pol\u00edtica con su Partido Am\u00e9rica?"},"content":{"rendered":"\n<p>Washington, jul (Prensa Latina) En medio de su tensa relaci\u00f3n con el presidente Donald Trump y los republicanos, el multimillonario Elon Musk dio un paso que lo mete de lleno hoy en la pol\u00edtica tras embarcarse en la creaci\u00f3n de su Partido Am\u00e9rica.<\/p>\n\n\n\n<p>Al anunciar en su red social X la formaci\u00f3n de esta fuerza, Musk escribi\u00f3 que \u00abcuando se trata de arruinar a nuestro pa\u00eds con despilfarro y corrupci\u00f3n, vivimos en un sistema de partido \u00fanico, no en una democracia\u00bb.<\/p>\n\n\n\n<p>Seg\u00fan afirm\u00f3: \u00abHoy, el Partido Am\u00e9rica se forma para devolverles la libertad\u00bb y m\u00e1s adelante se refiri\u00f3 a un hist\u00f3rico l\u00edder militar griego conocido por sus t\u00e1cticas de precisi\u00f3n.<\/p>\n\n\n\n<p>El magnate cuestion\u00f3 el sistema bipartidista y prometi\u00f3 representar al \u201c80 por ciento del centro\u201d con una nueva fuerza nacional despu\u00e9s del fin de la luna de miel entre \u00e9l y Trump.<\/p>\n\n\n\n<p>La ruptura se profundiz\u00f3 despu\u00e9s del apoyo de los republicanos al megaproyecto de ley (ya proclamado en ley) \u201cgrande y hermoso\u201d que incluye recortes fiscales y un incremento del techo de la deuda nacional en casi cinco billones de d\u00f3lares, lo cual califica de \u201csuicidio pol\u00edtico\u201d.<\/p>\n\n\n\n<p>\u201cPor un factor de 2 a 1, \u00a1quieren un nuevo partido pol\u00edtico y lo tendr\u00e1n!\u201d, apunt\u00f3 el magnate en la red social.<\/p>\n\n\n\n<p>Musk, principal donante de America PAC con unos 270 millones de d\u00f3lares en la campa\u00f1a presidencial de 2024, afirm\u00f3 en mayo que reducir\u00eda significativamente su gasto pol\u00edtico, sin embargo, sus mensajes recientes sugieren reconsiderar esta postura.<\/p>\n\n\n\n<p>Luego de ganar las elecciones, Trump, recompens\u00f3 al tambi\u00e9n due\u00f1o de SpaceX y Tesla por su apoyo en la campa\u00f1a al ponerlo al frente del Departamento de Eficiencia Gubernamental, creado para reducir el gasto federal.<\/p>\n\n\n\n<p>arc\/dfm<\/p>\n","protected":false},"excerpt":{"rendered":"<p>Washington, jul (Prensa Latina) En medio de su tensa relaci\u00f3n con el presidente Donald Trump&hellip;<\/p>\n","protected":false},"author":2,"featured_media":74075,"comment_status":"open","ping_status":"open","sticky":false,"template":"","format":"standard","meta":{"footnotes":""},"categories":[52,53],"tags":[],"class_list":["post-74080","post","type-post","status-publish","format-standard","has-post-thumbnail","hentry","category-internacionales","category-prensa-latina"],"_links":{"self":[{"href":"https:\/\/eldiarioantillano.com\/uno\/wp-json\/wp\/v2\/posts\/74080","targetHints":{"allow":["GET"]}}],"collection":[{"href":"https:\/\/eldiarioantillano.com\/uno\/wp-json\/wp\/v2\/posts"}],"about":[{"href":"https:\/\/eldiarioantillano.com\/uno\/wp-json\/wp\/v2\/types\/post"}],"author":[{"embeddable":true,"href":"https:\/\/eldiarioantillano.com\/uno\/wp-json\/wp\/v2\/users\/2"}],"replies":[{"embeddable":true,"href":"https:\/\/eldiarioantillano.com\/uno\/wp-json\/wp\/v2\/comments?post=74080"}],"version-history":[{"count":1,"href":"https:\/\/eldiarioantillano.com\/uno\/wp-json\/wp\/v2\/posts\/74080\/revisions"}],"predecessor-version":[{"id":74081,"href":"https:\/\/eldiarioantillano.com\/uno\/wp-json\/wp\/v2\/posts\/74080\/revisions\/74081"}],"wp:featuredmedia":[{"embeddable":true,"href":"https:\/\/eldiarioantillano.com\/uno\/wp-json\/wp\/v2\/media\/74075"}],"wp:attachment":[{"href":"https:\/\/eldiarioantillano.com\/uno\/wp-json\/wp\/v2\/media?parent=74080"}],"wp:term":[{"taxonomy":"category","embeddable":true,"href":"https:\/\/eldiarioantillano.com\/uno\/wp-json\/wp\/v2\/categories?post=74080"},{"taxonomy":"post_tag","embeddable":true,"href":"https:\/\/eldiarioantillano.com\/uno\/wp-json\/wp\/v2\/tags?post=74080"}],"curies":[{"name":"wp","href":"https:\/\/api.w.org\/{rel}","templated":true}]}}