{"id":74077,"date":"2025-07-13T21:05:52","date_gmt":"2025-07-14T01:05:52","guid":{"rendered":"https:\/\/eldiarioantillano.com\/uno\/?p=74077"},"modified":"2025-07-13T21:05:53","modified_gmt":"2025-07-14T01:05:53","slug":"mexico-en-negociaciones-para-evitar-nuevos-aranceles-de-ee-uu","status":"publish","type":"post","link":"https:\/\/eldiarioantillano.com\/uno\/2025\/07\/13\/mexico-en-negociaciones-para-evitar-nuevos-aranceles-de-ee-uu\/","title":{"rendered":"M\u00e9xico en negociaciones para evitar nuevos aranceles de EE. UU."},"content":{"rendered":"\n<p>Ciudad de M\u00e9xico, 12 jul (Prensa Latina) M\u00e9xico ya est\u00e1 en negociaciones con Estados Unidos para evitar la entrada en vigor de nuevos aranceles el 1 de agosto, inform\u00f3 hoy el Gobierno tras anuncios realizados por el presidente norteamericano, Donald Trump.<\/p>\n\n\n\n<p>\u201cResulta muy relevante haber establecido desde el 11 de julio la v\u00eda y el espacio necesarios para resolver cualquier posibilidad de que entren en vigor nuevos aranceles el 1 de agosto. Es decir, M\u00e9xico ya est\u00e1 en negociaciones\u201d, refirieron la Canciller\u00eda y la Secretar\u00eda de Econom\u00eda.<\/p>\n\n\n\n<p>Sobre la instalaci\u00f3n ayer de una mesa de trabajo permanente binacional, el comunicado precisa que se convino que la primera gran tarea de esta ser\u00e1 lograr antes del 1 de agosto una alternativa que permita proteger empresas y empleos en ambos lados de la frontera.<\/p>\n\n\n\n<p>En la primera jornada de trabajos con el objetivo, de acuerdo con recientes declaraciones de la presidenta Claudia Sheinbaum, de llegar a un acuerdo global, se trataron temas de seguridad, migraci\u00f3n, frontera y gesti\u00f3n de aguas, as\u00ed como la relaci\u00f3n econ\u00f3mica entre ambos pa\u00edses.<\/p>\n\n\n\n<p>\u201cNos fue dado a conocer que, como parte del cambio profundo en la pol\u00edtica comercial de Estados Unidos, todos los pa\u00edses recibir\u00edan una carta signada por el presidente de los Estados Unidos, estableciendo nuevas tarifas a partir del 1 de agosto\u201d, precisa el texto.<\/p>\n\n\n\n<p>Seg\u00fan agrega, la delegaci\u00f3n de M\u00e9xico mencion\u00f3 en la mesa que era un trato injusto y expres\u00f3 su desacuerdo.<\/p>\n\n\n\n<p>Por la naci\u00f3n latinoamericana, asisten a las conversaciones las secretar\u00edas de Econom\u00eda, Relaciones Exteriores, Hacienda, Seguridad P\u00fablica y Energ\u00eda, y por Estados Unidos, los departamentos de Estado, Comercio y Energ\u00eda, el Consejo de Seguridad Nacional y la oficina del Representante Comercial.<\/p>\n\n\n\n<p>En la mesa de trabajo permanente binacional, convocada por el Departamento de Estado, ser\u00e1n desahogados los principales temas de la relaci\u00f3n.<\/p>\n\n\n\n<p>Trump public\u00f3 este s\u00e1bado en la plataforma Truth Social una carta en la que anuncia la imposici\u00f3n de aranceles de 30 por ciento a los productos de esta naci\u00f3n a partir del 1 de agosto, en respuesta a la \u201ccrisis del fentanilo\u201d, pese al reconocimiento por agencias norteamericanas de la ca\u00edda en ese flujo.<\/p>\n\n\n\n<p>arc\/las<\/p>\n","protected":false},"excerpt":{"rendered":"<p>Ciudad de M\u00e9xico, 12 jul (Prensa Latina) M\u00e9xico ya est\u00e1 en negociaciones con Estados Unidos&hellip;<\/p>\n","protected":false},"author":2,"featured_media":74078,"comment_status":"open","ping_status":"open","sticky":false,"template":"","format":"standard","meta":{"footnotes":""},"categories":[52,53],"tags":[],"class_list":["post-74077","post","type-post","status-publish","format-standard","has-post-thumbnail","hentry","category-internacionales","category-prensa-latina"],"_links":{"self":[{"href":"https:\/\/eldiarioantillano.com\/uno\/wp-json\/wp\/v2\/posts\/74077","targetHints":{"allow":["GET"]}}],"collection":[{"href":"https:\/\/eldiarioantillano.com\/uno\/wp-json\/wp\/v2\/posts"}],"about":[{"href":"https:\/\/eldiarioantillano.com\/uno\/wp-json\/wp\/v2\/types\/post"}],"author":[{"embeddable":true,"href":"https:\/\/eldiarioantillano.com\/uno\/wp-json\/wp\/v2\/users\/2"}],"replies":[{"embeddable":true,"href":"https:\/\/eldiarioantillano.com\/uno\/wp-json\/wp\/v2\/comments?post=74077"}],"version-history":[{"count":1,"href":"https:\/\/eldiarioantillano.com\/uno\/wp-json\/wp\/v2\/posts\/74077\/revisions"}],"predecessor-version":[{"id":74079,"href":"https:\/\/eldiarioantillano.com\/uno\/wp-json\/wp\/v2\/posts\/74077\/revisions\/74079"}],"wp:featuredmedia":[{"embeddable":true,"href":"https:\/\/eldiarioantillano.com\/uno\/wp-json\/wp\/v2\/media\/74078"}],"wp:attachment":[{"href":"https:\/\/eldiarioantillano.com\/uno\/wp-json\/wp\/v2\/media?parent=74077"}],"wp:term":[{"taxonomy":"category","embeddable":true,"href":"https:\/\/eldiarioantillano.com\/uno\/wp-json\/wp\/v2\/categories?post=74077"},{"taxonomy":"post_tag","embeddable":true,"href":"https:\/\/eldiarioantillano.com\/uno\/wp-json\/wp\/v2\/tags?post=74077"}],"curies":[{"name":"wp","href":"https:\/\/api.w.org\/{rel}","templated":true}]}}