{"id":74053,"date":"2025-07-12T00:00:00","date_gmt":"2025-07-12T04:00:00","guid":{"rendered":"https:\/\/eldiarioantillano.com\/uno\/?p=74053"},"modified":"2025-07-11T22:50:37","modified_gmt":"2025-07-12T02:50:37","slug":"dirigente-del-pld-de-las-matas-de-santa-cruz-pasa-a-la-fuerza-del-pueblo","status":"publish","type":"post","link":"https:\/\/eldiarioantillano.com\/uno\/2025\/07\/12\/dirigente-del-pld-de-las-matas-de-santa-cruz-pasa-a-la-fuerza-del-pueblo\/","title":{"rendered":"Dirigente del PLD de Las Matas de Santa Cruz pasa a la Fuerza del Pueblo"},"content":{"rendered":"\n<p>H\u00e9ctor Rivas (El Gallo) se re\u00fane con Radam\u00e9s Jim\u00e9nez (izquierda), vicepresidente de la FP, y Miguel Dom\u00ednguez, excandidato a diputado. (Foto: Daygorod Fabi\u00e1n).\u00a0<\/p>\n\n\n\n<figure class=\"wp-block-image size-large\"><img fetchpriority=\"high\" decoding=\"async\" width=\"768\" height=\"1024\" src=\"https:\/\/eldiarioantillano.com\/uno\/wp-content\/uploads\/2025\/07\/IMG-20250710-WA0034-768x1024.jpg\" alt=\"\" class=\"wp-image-74047\" style=\"aspect-ratio:1;object-fit:cover\" srcset=\"https:\/\/eldiarioantillano.com\/uno\/wp-content\/uploads\/2025\/07\/IMG-20250710-WA0034-768x1024.jpg 768w, https:\/\/eldiarioantillano.com\/uno\/wp-content\/uploads\/2025\/07\/IMG-20250710-WA0034-225x300.jpg 225w, https:\/\/eldiarioantillano.com\/uno\/wp-content\/uploads\/2025\/07\/IMG-20250710-WA0034-585x780.jpg 585w, https:\/\/eldiarioantillano.com\/uno\/wp-content\/uploads\/2025\/07\/IMG-20250710-WA0034.jpg 960w\" sizes=\"(max-width: 768px) 100vw, 768px\" \/><\/figure>\n\n\n\n<p>Los montecriste\u00f1os H\u00e9ctor Rivas (El Gallo), de Las Matas, y Freddy P\u00e9rez se reencuentran en la FP.\u00a0<br><br><br><\/p>\n\n\n\n<p><br><br><br><\/p>\n","protected":false},"excerpt":{"rendered":"<p>H\u00e9ctor Rivas (El Gallo) se re\u00fane con Radam\u00e9s Jim\u00e9nez (izquierda), vicepresidente de la FP, y&hellip;<\/p>\n","protected":false},"author":2,"featured_media":74049,"comment_status":"open","ping_status":"open","sticky":false,"template":"","format":"standard","meta":{"footnotes":""},"categories":[57],"tags":[],"class_list":["post-74053","post","type-post","status-publish","format-standard","has-post-thumbnail","hentry","category-montecristi"],"_links":{"self":[{"href":"https:\/\/eldiarioantillano.com\/uno\/wp-json\/wp\/v2\/posts\/74053","targetHints":{"allow":["GET"]}}],"collection":[{"href":"https:\/\/eldiarioantillano.com\/uno\/wp-json\/wp\/v2\/posts"}],"about":[{"href":"https:\/\/eldiarioantillano.com\/uno\/wp-json\/wp\/v2\/types\/post"}],"author":[{"embeddable":true,"href":"https:\/\/eldiarioantillano.com\/uno\/wp-json\/wp\/v2\/users\/2"}],"replies":[{"embeddable":true,"href":"https:\/\/eldiarioantillano.com\/uno\/wp-json\/wp\/v2\/comments?post=74053"}],"version-history":[{"count":1,"href":"https:\/\/eldiarioantillano.com\/uno\/wp-json\/wp\/v2\/posts\/74053\/revisions"}],"predecessor-version":[{"id":74054,"href":"https:\/\/eldiarioantillano.com\/uno\/wp-json\/wp\/v2\/posts\/74053\/revisions\/74054"}],"wp:featuredmedia":[{"embeddable":true,"href":"https:\/\/eldiarioantillano.com\/uno\/wp-json\/wp\/v2\/media\/74049"}],"wp:attachment":[{"href":"https:\/\/eldiarioantillano.com\/uno\/wp-json\/wp\/v2\/media?parent=74053"}],"wp:term":[{"taxonomy":"category","embeddable":true,"href":"https:\/\/eldiarioantillano.com\/uno\/wp-json\/wp\/v2\/categories?post=74053"},{"taxonomy":"post_tag","embeddable":true,"href":"https:\/\/eldiarioantillano.com\/uno\/wp-json\/wp\/v2\/tags?post=74053"}],"curies":[{"name":"wp","href":"https:\/\/api.w.org\/{rel}","templated":true}]}}