{"id":73989,"date":"2025-07-09T00:00:00","date_gmt":"2025-07-09T04:00:00","guid":{"rendered":"https:\/\/eldiarioantillano.com\/uno\/?p=73989"},"modified":"2025-07-08T13:35:36","modified_gmt":"2025-07-08T17:35:36","slug":"versos-desde-la-fragilidad-en-los-poemas-del-incurable-de-ildefonso-manuel-gil","status":"publish","type":"post","link":"https:\/\/eldiarioantillano.com\/uno\/2025\/07\/09\/versos-desde-la-fragilidad-en-los-poemas-del-incurable-de-ildefonso-manuel-gil\/","title":{"rendered":"Versos desde la fragilidad en \u00abLos poemas del incurable\u00bb, de Ildefonso Manuel Gil"},"content":{"rendered":"\n<p class=\"wp-block-paragraph\">Por <strong>Emely M. Dom\u00ednguez<\/strong><\/p>\n\n\n\n<figure class=\"wp-block-image size-full\"><img fetchpriority=\"high\" decoding=\"async\" width=\"960\" height=\"390\" src=\"https:\/\/eldiarioantillano.com\/uno\/wp-content\/uploads\/2025\/07\/Ildelfonso-Manuel-Gil.jpg\" alt=\"\" class=\"wp-image-73990\" srcset=\"https:\/\/eldiarioantillano.com\/uno\/wp-content\/uploads\/2025\/07\/Ildelfonso-Manuel-Gil.jpg 960w, https:\/\/eldiarioantillano.com\/uno\/wp-content\/uploads\/2025\/07\/Ildelfonso-Manuel-Gil-300x122.jpg 300w, https:\/\/eldiarioantillano.com\/uno\/wp-content\/uploads\/2025\/07\/Ildelfonso-Manuel-Gil-768x312.jpg 768w, https:\/\/eldiarioantillano.com\/uno\/wp-content\/uploads\/2025\/07\/Ildelfonso-Manuel-Gil-585x238.jpg 585w\" sizes=\"(max-width: 960px) 100vw, 960px\" \/><figcaption class=\"wp-element-caption\">Ildelfonso Manuel Gil (Fuente externa).<\/figcaption><\/figure>\n\n\n\n<p class=\"wp-block-paragraph\">Siempre me ha llamado la atenci\u00f3n c\u00f3mo la vida de un autor influye tanto en su obra; c\u00f3mo sus poemas, cuentos y novelas muestran la realidad que no se atreve a contarle a nadie. Solo aquellos que reconocen el verdadero dolor y sufrimiento pueden simpatizar con Ildefonso Manuel Gil, un hombre que durante la Guerra Civil en Espa\u00f1a no encontr\u00f3 un refugio que no fuese m\u00e1s acogedor y seguro, que su pluma y una libreta para expresar esos <em>versos desde la fragilidad<\/em>.<\/p>\n\n\n\n<p class=\"wp-block-paragraph\">Ildefonso Manuel Gil naci\u00f3 en Zaragoza, Espa\u00f1a, en el a\u00f1o 1912. Y desarroll\u00f3 desde muy temprana edad y bajo la buena influencia de sus padres, su gran admiraci\u00f3n por las letras y la cultura. Hizo una licenciatura en Filosof\u00eda y Letras, esto unido a su entorno familiar que valoraba la cultura fue el primer paso hacia un camino que lo guio como poeta, traductor y ensayista. M\u00e1s tarde, en Madrid cuando ya hab\u00eda obtenido la edad correspondiente entr\u00f3 en contacto con otros pensadores y literatos. Es interesante lo mucho que podemos obtener tras indagar un poco en la vida de este autor para que de este modo podamos entender sus obras y esta en especifico. Seg\u00fan la <em>Real Academia de la Historia <\/em>(n.d.), durante la Segunda Rep\u00fablica, Gil se convirti\u00f3 en catedr\u00e1tico de instituto y fue un ferviente defensor de la cultura y de los valores democr\u00e1ticos de los ciudadanos. Esta postura marc\u00f3 su destino durante la Guerra Civil.<\/p>\n\n\n\n<p class=\"wp-block-paragraph\">Cuando estall\u00f3 la guerra en 1936, Gil se posicion\u00f3 del lado republicano y, tras la victoria del bando franquista en 1939, fue represaliado por el r\u00e9gimen: perdi\u00f3 su c\u00e1tedra, fue inhabilitado profesionalmente y sufri\u00f3 una larga etapa de marginaci\u00f3n social y profesional, aunque no sali\u00f3 al exilio exterior como otros intelectuales (Real Academia de la Historia, n.d.). Esta situaci\u00f3n provoc\u00f3 lo que se ha llamado su <em>exilio interior<\/em>. Y por esta misma raz\u00f3n es que me atrevo a decir que Gil plasma aquella triste, solitaria y sufrida perspectiva en esta obra donde a trav\u00e9s de una poes\u00eda contenida de tono melanc\u00f3lico y filos\u00f3fico, construye una voz po\u00e9tica que enfrenta el dolor existencial desde la introspecci\u00f3n, aquel lugar donde todos hemos tenido que ir a parar de vez en cuando y solo para confirmar que nuestro dolor no es ajeno a la realidad de los hechos.<\/p>\n\n\n\n<p class=\"wp-block-paragraph\">Decir que en m\u00e1s de una ocasi\u00f3n pude simpatizar con el autor ser\u00eda una gran mentira, porque me adue\u00f1\u00e9 de este poema y aunque yo nunca estuve presente en una guerra ni mucho menos he sido \u2018exiliada\u2019, reconozco que en m\u00e1s de una ocasi\u00f3n me he visto en una batalla incansable con mis propios sentimientos. Porque no existe cosa que desgaste m\u00e1s el alma que verse solo con sus propios pensamientos. En lugar de la protesta o el grito, Gil escogi\u00f3 la introspecci\u00f3n como v\u00eda para explorar su herida interior, porque resulta muy intrigante que muchas veces en el silencio podemos encontrar esas respuestas a preguntas o situaciones que nublaban nuestro buen juicio.<\/p>\n\n\n\n<p class=\"wp-block-paragraph\">Como un grato ejemplo de esto, en 1947 surge desde un periodo de censura, represi\u00f3n y derrota moral tras la Guerra Civil Espa\u00f1ola: \u00a8<em><strong>Poemas del Incurable<\/strong><\/em>\u00a8. Este libro se propone reunir una serie de poemas que dan voz a la fragilidad del ser humano frente al dolor, la p\u00e9rdida y el silencio forzado. Lejos de la ret\u00f3rica heroica, Gil nos ofrece un lenguaje sereno, donde cada palabra logra resonar hasta lo m\u00e1s \u00edntimo de nuestros pensamientos. Desbordando tristeza, melancol\u00eda y un sufrir como ning\u00fan otro pero detr\u00e1s de todo el dolor se encuentra un vestigio de esperanza. A continuaci\u00f3n me gustar\u00eda que analicemos los versos que muestran esa fragilidad del ser humano as\u00ed tambi\u00e9n como la fortaleza que existe en su interior:<\/p>\n\n\n\n<p class=\"wp-block-paragraph\">\u201c<em>He mirado mi sombra detenida, \/ y en su quietud dol\u00eda \/ lo que el cuerpo callaba<\/em>\u201d (Gil, 1947, p. 18).<\/p>\n\n\n\n<p class=\"wp-block-paragraph\">Este fragmento muestra c\u00f3mo el dolor se instala en el silencio del cuerpo, en la quietud, en lo que no se puede decir abiertamente. La sombra, es la representaci\u00f3n de lo reprimido o silenciado, que se convierte en un espejo del alma fr\u00e1gil. Es un sentimiento que todos hemos experimentado alguna vez; la tristeza que nos invade cuando por fuera quisi\u00e9ramos gritar y en cambio, en nuestro cuerpo se manifiesta eso que callamos.<\/p>\n\n\n\n<p class=\"wp-block-paragraph\">Por otro lado, frente a lo que pudiera ser el estruendo de la propaganda o la \u00e9pica revolucionaria, la poes\u00eda de Gil se sostiene en la <strong>f<\/strong>ragilidad del lenguaje que utiliza con la sabia elecci\u00f3n de un tono contenido:<\/p>\n\n\n\n<p class=\"wp-block-paragraph\">\u201c<em>No me quedan palabras enteras. \/ Solo trozos de voz \/ con los que intento nombrar \/ lo que ya no est\u00e1<\/em>\u201d (Gil, 1947, p. 23).<\/p>\n\n\n\n<p class=\"wp-block-paragraph\">En esta imagen se refuerza la idea de un lenguaje quebrado, insuficiente, pero aun as\u00ed necesario. El autor no pretende construir discursos totales ni bien elaborados con palabras rebuscadas, sino versos que nacen desde la grieta, desde la conciencia de su limitaci\u00f3n, desde la fragilidad que lleva cada ser humano en su interior cuando su realidad es interrumpida por un suceso que claramente deja estragos y expresamos ese quiebre con las herramientas que tenemos a mano. Esta renuncia al artificio es una forma de sinceridad radical: la fragilidad no se oculta, se asume como parte del acto po\u00e9tico. Al principio mencionamos que Gil vivi\u00f3 lo que se conoce como <em>exilio interior<\/em>: no abandon\u00f3 Espa\u00f1a tras la Guerra Civil, pero fue apartado de la vida acad\u00e9mica y cultural.<\/p>\n\n\n\n<p class=\"wp-block-paragraph\">Lo que provoca que dicha experiencia sea reflejada en el tono introspectivo del libro, donde el dolor no se grita, sino que se reconoce como un compa\u00f1ero silencioso:<\/p>\n\n\n\n<p class=\"wp-block-paragraph\">\u201c<em>Aprend\u00ed a convivir con la herida, \/ a darle techo, \/ a no pedirle que se fuera<\/em>\u201d (Gil, 1947, p. 31).<\/p>\n\n\n\n<p class=\"wp-block-paragraph\">Lejos de buscar la superaci\u00f3n del sufrimiento, el autor habla de aceptarlo, incluso de cuidarlo, como si formara parte de su identidad. Esta actitud frente al dolor revela una \u00e9tica de la fragilidad: no se trata de vencer la herida, sino de seguir siendo uno mismo a pesar de ella. Siendo brutalmente sinceros, todos llevamos heridas en nuestro interior; algunas son recientes, otras tienen un tiempo de antig\u00fcedad y otras las hemos acarreado inconscientemente en nuestra historia de vida, pero lo cierto es que nos guste o no, como seres humanos creamos mecanismos de defensas que nos protegen de ser ahogados por un inmenso y bravo mar que nos acecha cuando nos descuidamos por un segundo. Aprendemos a vivir con estas heridas, con estas marcas, porque poco a poco se convierten en una parte de nosotros que no podemos negar simplemente por el mero hecho de ser dolorosas o vergonzosas.<\/p>\n\n\n\n<p class=\"wp-block-paragraph\">En la poes\u00eda de Gil, el silencio no es vac\u00edo ni resignaci\u00f3n ni mucho menos es un s\u00edmbolo de rendici\u00f3n o debilidad, es un espacio de reflexi\u00f3n, un lugar seguro donde la fragilidad puede hablar sin ser aplastada por el ruido exterior, por las m\u00e1scaras silenciosas que usamos para disfrazar nuestro dolor con resiliencia. En uno de sus poemas m\u00e1s emblem\u00e1ticos escribe:<\/p>\n\n\n\n<p class=\"wp-block-paragraph\">\u201c<em><strong>Mi silencio no es cobard\u00eda: \/ es el \u00fanico lugar \/ donde a\u00fan me reconozco<\/strong><\/em>\u201d (Gil, 1947, p. 39).<\/p>\n\n\n\n<p class=\"wp-block-paragraph\">Y con este verso, el autor nos muestra c\u00f3mo la fragilidad bajo este contexto se opone a la violencia de las ideolog\u00edas impuestas de ese siglo e incluso del nuestro, donde nuestra generaci\u00f3n supone que debemos ventilar todos nuestros problemas por las redes sociales para ser \u00a8transparentes\u00a8 con los dem\u00e1s, pero lo cierto es, que la transparencia transcurre en la soledad, en compa\u00f1\u00eda de nosotros mismos, en qui\u00e9n soy cuando nadie me ve.<\/p>\n\n\n\n<p class=\"wp-block-paragraph\">Para concluir, otra cara de la fragilidad en <em>Poemas del incurable <\/em>es la memoria, no como nostalgia paralizante, sino como acto \u00e9tico. El poeta no quiere olvidar, aunque sepa que el recuerdo duele:<\/p>\n\n\n\n<p class=\"wp-block-paragraph\">\u201c<strong>El recuerdo pesa, s\u00ed, \/ pero es lo \u00fanico que me queda \/ para saber qui\u00e9n fui<\/strong>\u201d (Gil, 1947, p. 45).<\/p>\n\n\n\n<p class=\"wp-block-paragraph\">En tiempos de represi\u00f3n, recordar es resistir. La fragilidad no es sin\u00f3nimo de debilidad, sino de una forma profunda de fortaleza silenciosa. Recordar, escribir, pensar: son las armas del alma fr\u00e1gil que se niega a desaparecer.<\/p>\n\n\n\n<p class=\"wp-block-paragraph\"><em>Siempre me ha llamado la atenci\u00f3n c\u00f3mo la vida de un autor influye tanto en su obra<\/em>, \u00bfRecuerdan esa frase del inicio? Notar el sufrimiento, la vulnerabilidad y la humildad con la que Ildefonso Manuel Gil escribe esta obra me llena de tanto asombro, de tanta admiraci\u00f3n<\/p>\n\n\n\n<p class=\"wp-block-paragraph\">porque la realidad es que un poeta no puede ser poeta si no se ha quebrado por lo menos una sola vez en su vida y la fragilidad no es fragilidad si no encuentra algo de apariencia dura que puede ser quebrado. La vida de este autor nos ense\u00f1a que en un mundo que premia la fuerza y desprecia la debilidad, es vital que recordemos que la dignidad tambi\u00e9n habita en la fragilidad, y que los versos m\u00e1s verdaderos nacen de heridas que no se cierran.<\/p>\n\n\n\n<p class=\"wp-block-paragraph\"><strong>Referencias<\/strong><br>Gil, I. M. (1947). <em>Poemas del incurable<\/em>. Ediciones \u00cdnsula.<br>Real Academia de la Historia. (n.d.). <em>Ildefonso Manuel Gil<\/em>. Diccionario Biogr\u00e1fico Espa\u00f1ol. https:\/\/dbe.rah.es\/biografias\/11054\/ildefonso-manuel-gil<br>Gran Enciclopedia Aragonesa. (n.d.). <em>Ildefonso Manuel Gil<\/em>. <a href=\"https:\/\/www.enciclopedia-aragonesa.com\/\"><u>https:\/\/www.enciclopedia-aragonesa.com<\/u><\/a>_<\/p>\n\n\n\n<p class=\"wp-block-paragraph\">______________________________________________<\/p>\n\n\n\n<p class=\"wp-block-paragraph\">La autora  es estudiante de la Licenciatura en Letras Puras en la Universidad Aut\u00f3noma de Santo Domingo.<\/p>\n","protected":false},"excerpt":{"rendered":"<p>Por Emely M. Dom\u00ednguez Siempre me ha llamado la atenci\u00f3n c\u00f3mo la vida de un&hellip;<\/p>\n","protected":false},"author":2,"featured_media":73990,"comment_status":"open","ping_status":"open","sticky":false,"template":"","format":"standard","meta":{"footnotes":""},"categories":[59],"tags":[],"class_list":["post-73989","post","type-post","status-publish","format-standard","has-post-thumbnail","hentry","category-revista-antillana"],"_links":{"self":[{"href":"https:\/\/eldiarioantillano.com\/uno\/wp-json\/wp\/v2\/posts\/73989","targetHints":{"allow":["GET"]}}],"collection":[{"href":"https:\/\/eldiarioantillano.com\/uno\/wp-json\/wp\/v2\/posts"}],"about":[{"href":"https:\/\/eldiarioantillano.com\/uno\/wp-json\/wp\/v2\/types\/post"}],"author":[{"embeddable":true,"href":"https:\/\/eldiarioantillano.com\/uno\/wp-json\/wp\/v2\/users\/2"}],"replies":[{"embeddable":true,"href":"https:\/\/eldiarioantillano.com\/uno\/wp-json\/wp\/v2\/comments?post=73989"}],"version-history":[{"count":1,"href":"https:\/\/eldiarioantillano.com\/uno\/wp-json\/wp\/v2\/posts\/73989\/revisions"}],"predecessor-version":[{"id":73991,"href":"https:\/\/eldiarioantillano.com\/uno\/wp-json\/wp\/v2\/posts\/73989\/revisions\/73991"}],"wp:featuredmedia":[{"embeddable":true,"href":"https:\/\/eldiarioantillano.com\/uno\/wp-json\/wp\/v2\/media\/73990"}],"wp:attachment":[{"href":"https:\/\/eldiarioantillano.com\/uno\/wp-json\/wp\/v2\/media?parent=73989"}],"wp:term":[{"taxonomy":"category","embeddable":true,"href":"https:\/\/eldiarioantillano.com\/uno\/wp-json\/wp\/v2\/categories?post=73989"},{"taxonomy":"post_tag","embeddable":true,"href":"https:\/\/eldiarioantillano.com\/uno\/wp-json\/wp\/v2\/tags?post=73989"}],"curies":[{"name":"wp","href":"https:\/\/api.w.org\/{rel}","templated":true}]}}