{"id":73954,"date":"2025-07-06T23:04:17","date_gmt":"2025-07-07T03:04:17","guid":{"rendered":"https:\/\/eldiarioantillano.com\/uno\/?p=73954"},"modified":"2025-07-06T23:04:18","modified_gmt":"2025-07-07T03:04:18","slug":"la-deportacion-como-censura-el-nuevo-exilio-bajo-trump","status":"publish","type":"post","link":"https:\/\/eldiarioantillano.com\/uno\/2025\/07\/06\/la-deportacion-como-censura-el-nuevo-exilio-bajo-trump\/","title":{"rendered":"La deportaci\u00f3n como censura: El nuevo exilio bajo Trump"},"content":{"rendered":"\n<p>Por FELIPE LORA LONGO<\/p>\n\n\n<div class=\"wp-block-image is-style-rounded\">\n<figure class=\"alignright size-thumbnail\"><img decoding=\"async\" width=\"150\" height=\"150\" src=\"https:\/\/eldiarioantillano.com\/uno\/wp-content\/uploads\/2025\/07\/Felipe-Lora-Longo-150x150.png\" alt=\"\" class=\"wp-image-73955\"\/><figcaption class=\"wp-element-caption\">Felipe Lora Longo<\/figcaption><\/figure>\n<\/div>\n\n\n<p>En reg\u00edmenes autoritarios, el exilio suele ser una herramienta refinada para silenciar. Pero en la versi\u00f3n estadounidense de Donald Trump, el exilio ya no requiere pasaporte ni juicio pol\u00edtico: basta con demandar el fin de un genocidio, exigir el respeto a los derechos humanos, participar en una demostraci\u00f3n en una universidad, alzar la voz en una marcha o haber nacido en el lugar \u201cequivocado\u201d. En nombre del \u201corden migratorio\u201d, Trump perfecciona un modelo de castigo selectivo que convierte la deportaci\u00f3n en una forma de represi\u00f3n pol\u00edtica disfrazada de \u201cacci\u00f3n administrativa\u201d.<\/p>\n\n\n\n<p>El exilio pol\u00edtico, escribe&nbsp;<a href=\"https:\/\/dialnet.unirioja.es\/servlet\/articulo?codigo=6505900\" rel=\"noreferrer noopener\" target=\"_blank\">Hannah Arendt<\/a>, \u00abno siempre se declara, pero siempre se siente\u00bb. Lo sienten las miles de familias latinoamericanas que han vivido bajo la amenaza constante de ser arrancadas de sus hogares por haber marchado, organizado sindicatos o denunciado abusos laborales. Y lo sienten los j\u00f3venes \u201c<a href=\"https:\/\/americasvoice.org\/blog\/daca-updates-trump-seeks-to-strip-dreamers-of-aca-eligibility-fifth-circuits-ruling-goes-into-effect\/\" rel=\"noreferrer noopener\" target=\"_blank\">Dreamers<\/a>\u201d que, tras construir movimientos de alcance nacional, enfrentan la posibilidad real de ser expulsados de la \u00fanica tierra que conocen, justo cuando empiezan a adquirir m\u00e1s poder pol\u00edtico.<\/p>\n\n\n\n<p>Trump no lo dice con esas palabras, pero lo insin\u00faa con sus promesas. Su llamado a \u201c<a href=\"https:\/\/www.nytimes.com\/es\/2024\/07\/19\/espanol\/trump-podria-cumplir-su-promesa-de-deportar-a-millones-de-migrantes.html\" rel=\"noreferrer noopener\" target=\"_blank\">deportar millones<\/a>&nbsp;desde el primer d\u00eda\u201d no es solo una propuesta de seguridad nacional; es una estrategia de neutralizaci\u00f3n pol\u00edtica. Como se\u00f1ala&nbsp;<a href=\"https:\/\/www.aclu.org\/bio\/lee-gelernt\" rel=\"noreferrer noopener\" target=\"_blank\">Lee Gelernt<\/a>, abogado de la ACLU y defensor en casos clave contra la deportaci\u00f3n de ni\u00f1os migrantes: \u201cLas deportaciones masivas, cuando se ejercen sin criterios humanos ni debido proceso, se convierten en un instrumento de intimidaci\u00f3n. Y no solo contra los inmigrantes, sino contra toda la comunidad que se atreve a defenderlos.\u201d<\/p>\n\n\n\n<p>No se trata de exagerar. El ejemplo hist\u00f3rico m\u00e1s cercano es la llamada \u201c<a href=\"https:\/\/conexionmigrante.com\/2017-\/03-\/17\/repatriation-1930s-la-primera-gran-deportacion-mexicanos-en-eu\/\" rel=\"noreferrer noopener\" target=\"_blank\">Repatriaci\u00f3n mexicana<\/a>\u201d de los a\u00f1os 30, en la que m\u00e1s de un mill\u00f3n de personas \u2014muchos ciudadanos estadounidenses\u2014 fueron deportadas en medio del p\u00e1nico econ\u00f3mico. \u00bfLa verdadera raz\u00f3n? Seg\u00fan el historiador Francisco Balderrama, coautor de&nbsp;<a href=\"https:\/\/archive.org\/details\/decadeofbetrayal0000bald\" rel=\"noreferrer noopener\" target=\"_blank\">Decade of Betrayal<\/a>, \u201cfue una purga social para deshacerse de los trabajadores organizados y los no blancos que eran vistos como una amenaza al orden econ\u00f3mico blanco\u201d.<\/p>\n\n\n\n<p>Hoy, las deportaciones vuelven a ser una purga, pero con otro vocabulario: el de la \u201cilegalidad\u201d, el \u201cpeligro\u201d, el \u201cinvasor\u201d. Trump no necesita llamar traidores a sus cr\u00edticos; solo necesita llamarlos \u00abilegales\u00bb, y con eso justificar su exclusi\u00f3n. En palabras del activista&nbsp;<a href=\"https:\/\/www.democracynow.org\/es\/2025\/1\/22\/ravi_ragbir\" rel=\"noreferrer noopener\" target=\"_blank\">Ravi Ragbir<\/a>, quien casi fue deportado tras denunciar abusos migratorios: \u201cLa deportaci\u00f3n se ha convertido en una herramienta pol\u00edtica. Me quieren fuera no por lo que hice, sino por lo que digo.\u201d<\/p>\n\n\n\n<p>No es casualidad que muchos de los m\u00e1s perseguidos por ICE sean\u00a0<a href=\"https:\/\/laopinion.com\/2025\/06\/27\/ice-detiene-a-lideres-religiosos-y-a-inmigrantes-cristianos-que-huyeron-por-ser-perseguidos\/\" target=\"_blank\" rel=\"noreferrer noopener\">l\u00edderes comunitarios<\/a>, portavoces de los derechos de los trabajadores agr\u00edcolas, defensores del medioambiente o miembros activos de movimientos sociales. En la \u00faltima semana, Trump ha amenazado con deportaci\u00f3n al ganador de la candidatura dem\u00f3crata a S\u00edndico por la ciudad de New York, Zohran Mamdani al cual califica de \u201ccomunista\u201d y a su ex aliado Elon Musk por su abierta oposici\u00f3n al proyecto de presupuesto aprobado en el Senado. \u00a0<strong>El mensaje es claro: si luchas, te vas<\/strong>.<\/p>\n\n\n\n<p>Por eso, lo que Trump propone no es solo una pol\u00edtica migratoria. Es una&nbsp;<strong>pol\u00edtica de exilio selectivo<\/strong>, de limpieza ideol\u00f3gica, de reconfiguraci\u00f3n del cuerpo social a favor de los intereses dominantes. Lo migratorio se convierte en lo policial, y lo policial en lo pol\u00edtico.<\/p>\n\n\n\n<p>Y mientras tanto, el pa\u00eds pierde algo m\u00e1s que fuerza laboral. Pierde voces. Pierde historia. Pierde resistencia.<\/p>\n\n\n\n<p>Como advirti\u00f3 Edward Said, \u00e9l mismo un exiliado, en su ensayo&nbsp;<a href=\"https:\/\/archive.org\/details\/said-edward.-w.-reflexiones-sobre-el-exilio-epl-fs-2016\" rel=\"noreferrer noopener\" target=\"_blank\">Reflections on Exile<\/a>: \u201cEl exilio es la fractura m\u00e1s profunda de una sociedad: la separaci\u00f3n no solo de personas, sino de sus ideas, sus posibilidades, sus futuros.\u201d<\/p>\n\n\n\n<p>Ante este panorama, la pregunta no es si Trump deportar\u00e1 a millones. La pregunta es si entenderemos a tiempo que cada deportaci\u00f3n es tambi\u00e9n un destierro pol\u00edtico, y que detenerlas es una tarea no solo moral, sino profundamente democr\u00e1tica.<\/p>\n","protected":false},"excerpt":{"rendered":"<p>Por FELIPE LORA LONGO En reg\u00edmenes autoritarios, el exilio suele ser una herramienta refinada para&hellip;<\/p>\n","protected":false},"author":2,"featured_media":73955,"comment_status":"open","ping_status":"open","sticky":false,"template":"","format":"standard","meta":{"footnotes":""},"categories":[169,52,51],"tags":[],"class_list":["post-73954","post","type-post","status-publish","format-standard","has-post-thumbnail","hentry","category-felipe-lora-longo","category-internacionales","category-opinion"],"_links":{"self":[{"href":"https:\/\/eldiarioantillano.com\/uno\/wp-json\/wp\/v2\/posts\/73954","targetHints":{"allow":["GET"]}}],"collection":[{"href":"https:\/\/eldiarioantillano.com\/uno\/wp-json\/wp\/v2\/posts"}],"about":[{"href":"https:\/\/eldiarioantillano.com\/uno\/wp-json\/wp\/v2\/types\/post"}],"author":[{"embeddable":true,"href":"https:\/\/eldiarioantillano.com\/uno\/wp-json\/wp\/v2\/users\/2"}],"replies":[{"embeddable":true,"href":"https:\/\/eldiarioantillano.com\/uno\/wp-json\/wp\/v2\/comments?post=73954"}],"version-history":[{"count":1,"href":"https:\/\/eldiarioantillano.com\/uno\/wp-json\/wp\/v2\/posts\/73954\/revisions"}],"predecessor-version":[{"id":73956,"href":"https:\/\/eldiarioantillano.com\/uno\/wp-json\/wp\/v2\/posts\/73954\/revisions\/73956"}],"wp:featuredmedia":[{"embeddable":true,"href":"https:\/\/eldiarioantillano.com\/uno\/wp-json\/wp\/v2\/media\/73955"}],"wp:attachment":[{"href":"https:\/\/eldiarioantillano.com\/uno\/wp-json\/wp\/v2\/media?parent=73954"}],"wp:term":[{"taxonomy":"category","embeddable":true,"href":"https:\/\/eldiarioantillano.com\/uno\/wp-json\/wp\/v2\/categories?post=73954"},{"taxonomy":"post_tag","embeddable":true,"href":"https:\/\/eldiarioantillano.com\/uno\/wp-json\/wp\/v2\/tags?post=73954"}],"curies":[{"name":"wp","href":"https:\/\/api.w.org\/{rel}","templated":true}]}}