{"id":73825,"date":"2025-06-30T00:10:00","date_gmt":"2025-06-30T04:10:00","guid":{"rendered":"https:\/\/eldiarioantillano.com\/uno\/?p=73825"},"modified":"2025-06-29T22:40:26","modified_gmt":"2025-06-30T02:40:26","slug":"catalejo-encuentros-de-los-cuatro","status":"publish","type":"post","link":"https:\/\/eldiarioantillano.com\/uno\/2025\/06\/30\/catalejo-encuentros-de-los-cuatro\/","title":{"rendered":"CATALEJO: Encuentros de los cuatro\u00a0"},"content":{"rendered":"\n<p>\u00a0Por ANULFO MATEO P\u00c9REZ<\/p>\n\n\n<div class=\"wp-block-image is-style-rounded\">\n<figure class=\"alignright size-thumbnail\"><img decoding=\"async\" width=\"150\" height=\"150\" src=\"https:\/\/eldiarioantillano.com\/uno\/wp-content\/uploads\/2023\/12\/Anulfo-Mateo-Perez-catalejo-columna-780x470-1-e1704860213105-150x150.jpg\" alt=\"\" class=\"wp-image-64779\"\/><figcaption class=\"wp-element-caption\">Anulfo Mateo P\u00e9rez<\/figcaption><\/figure>\n<\/div>\n\n\n<p>No deja de sorprender los encuentros del presidente Luis Abinader y los tres expresidentes que a\u00fan mantienen diferencias particulares por intereses pol\u00edticos y econ\u00f3micos de los grupos que dirigen; en la aproximaci\u00f3n procuran \u201cchalecos salvavidas\u201d ante el vendaval, que se aproxima.<\/p>\n\n\n\n<p>Las reuniones no son solo del inter\u00e9s de quien tiene ahora agarrado \u201cel tiz\u00f3n por lo <em>prend\u00edo<\/em>\u201d, sino de los cuatro, dadas las circunstancias de los riesgos para todos, de navegar en un mar turbulento y tormentoso.<\/p>\n\n\n\n<p>Habr\u00e1 mayor unidad entre ellos, porque se trata de cubrirse la espalda unos a otros ante una crisis de grandes dimensiones, por la acumulaci\u00f3n de factores econ\u00f3micos, sociales y pol\u00edticos complejos.<\/p>\n\n\n\n<p>La Rep\u00fablica Dominicana, pese a las estad\u00edsticas acomodadas, ha entrado en una crisis org\u00e1nica, que amenaza con desestabilizar el sistema de dominaci\u00f3n, al comp\u00e1s de la crisis del capitalismo a nivel global.<\/p>\n\n\n\n<p>Todo apunta a una crisis estructural, de r\u00e9gimen, de hegemon\u00eda o todos esos aspectos a la vez, cuando las instituciones han demostrado disfuncionalidad, p\u00e9rdida de credibilidad y legitimidad ante los ojos del pueblo.<\/p>\n\n\n\n<p>Lo cierto es que el agravamiento de la crisis econ\u00f3mica que se aproxima en el pa\u00eds, con una deuda externa impagable que atrapa m\u00e1s del 50 por ciento de su PIB, se podr\u00eda acompa\u00f1ar de una crisis de hegemon\u00eda.<\/p>\n\n\n\n<p>Podr\u00edamos considerar que de mantenerse en progreso la tendencia actual, la situaci\u00f3n desembocar\u00e1 en una crisis irreversible, que, como dec\u00eda Antonio Gramcsi, afecta al conjunto de las relaciones sociales.<\/p>\n\n\n\n<p>Por supuesto, el estallido de la misma requiere de confluencia e interacci\u00f3n de la crisis de acumulaci\u00f3n, pol\u00edtica e ideol\u00f3gica, replicada desde el imperio, con agudizaci\u00f3n de los consabidos choques de intereses corporativos.<\/p>\n\n\n\n<p><\/p>\n","protected":false},"excerpt":{"rendered":"<p>\u00a0Por ANULFO MATEO P\u00c9REZ No deja de sorprender los encuentros del presidente Luis Abinader y&hellip;<\/p>\n","protected":false},"author":2,"featured_media":64779,"comment_status":"open","ping_status":"open","sticky":false,"template":"","format":"standard","meta":{"footnotes":""},"categories":[54,55,51],"tags":[],"class_list":["post-73825","post","type-post","status-publish","format-standard","has-post-thumbnail","hentry","category-anulfo-mateo","category-nacionales","category-opinion"],"_links":{"self":[{"href":"https:\/\/eldiarioantillano.com\/uno\/wp-json\/wp\/v2\/posts\/73825","targetHints":{"allow":["GET"]}}],"collection":[{"href":"https:\/\/eldiarioantillano.com\/uno\/wp-json\/wp\/v2\/posts"}],"about":[{"href":"https:\/\/eldiarioantillano.com\/uno\/wp-json\/wp\/v2\/types\/post"}],"author":[{"embeddable":true,"href":"https:\/\/eldiarioantillano.com\/uno\/wp-json\/wp\/v2\/users\/2"}],"replies":[{"embeddable":true,"href":"https:\/\/eldiarioantillano.com\/uno\/wp-json\/wp\/v2\/comments?post=73825"}],"version-history":[{"count":1,"href":"https:\/\/eldiarioantillano.com\/uno\/wp-json\/wp\/v2\/posts\/73825\/revisions"}],"predecessor-version":[{"id":73826,"href":"https:\/\/eldiarioantillano.com\/uno\/wp-json\/wp\/v2\/posts\/73825\/revisions\/73826"}],"wp:featuredmedia":[{"embeddable":true,"href":"https:\/\/eldiarioantillano.com\/uno\/wp-json\/wp\/v2\/media\/64779"}],"wp:attachment":[{"href":"https:\/\/eldiarioantillano.com\/uno\/wp-json\/wp\/v2\/media?parent=73825"}],"wp:term":[{"taxonomy":"category","embeddable":true,"href":"https:\/\/eldiarioantillano.com\/uno\/wp-json\/wp\/v2\/categories?post=73825"},{"taxonomy":"post_tag","embeddable":true,"href":"https:\/\/eldiarioantillano.com\/uno\/wp-json\/wp\/v2\/tags?post=73825"}],"curies":[{"name":"wp","href":"https:\/\/api.w.org\/{rel}","templated":true}]}}