{"id":73823,"date":"2025-06-30T00:00:00","date_gmt":"2025-06-30T04:00:00","guid":{"rendered":"https:\/\/eldiarioantillano.com\/uno\/?p=73823"},"modified":"2025-06-29T22:33:42","modified_gmt":"2025-06-30T02:33:42","slug":"honran-a-henry-segarra-con-un-busto-y-parque-en-el-pino-dajabon","status":"publish","type":"post","link":"https:\/\/eldiarioantillano.com\/uno\/2025\/06\/30\/honran-a-henry-segarra-con-un-busto-y-parque-en-el-pino-dajabon\/","title":{"rendered":"Honran a Henry Segarra con un busto y parque en El Pino, Dajab\u00f3n"},"content":{"rendered":"\n<p>El joven revolucionario fue apresado y asesinado por \u00f3rdenes del coronel Almonte Mayer en Dajab\u00f3n en el a\u00f1o 1969.\u00a0<br><br><br><\/p>\n","protected":false},"excerpt":{"rendered":"<p>El joven revolucionario fue apresado y asesinado por \u00f3rdenes del coronel Almonte Mayer en Dajab\u00f3n&hellip;<\/p>\n","protected":false},"author":2,"featured_media":73811,"comment_status":"open","ping_status":"open","sticky":false,"template":"","format":"standard","meta":{"footnotes":""},"categories":[55],"tags":[],"class_list":["post-73823","post","type-post","status-publish","format-standard","has-post-thumbnail","hentry","category-nacionales"],"_links":{"self":[{"href":"https:\/\/eldiarioantillano.com\/uno\/wp-json\/wp\/v2\/posts\/73823","targetHints":{"allow":["GET"]}}],"collection":[{"href":"https:\/\/eldiarioantillano.com\/uno\/wp-json\/wp\/v2\/posts"}],"about":[{"href":"https:\/\/eldiarioantillano.com\/uno\/wp-json\/wp\/v2\/types\/post"}],"author":[{"embeddable":true,"href":"https:\/\/eldiarioantillano.com\/uno\/wp-json\/wp\/v2\/users\/2"}],"replies":[{"embeddable":true,"href":"https:\/\/eldiarioantillano.com\/uno\/wp-json\/wp\/v2\/comments?post=73823"}],"version-history":[{"count":1,"href":"https:\/\/eldiarioantillano.com\/uno\/wp-json\/wp\/v2\/posts\/73823\/revisions"}],"predecessor-version":[{"id":73824,"href":"https:\/\/eldiarioantillano.com\/uno\/wp-json\/wp\/v2\/posts\/73823\/revisions\/73824"}],"wp:featuredmedia":[{"embeddable":true,"href":"https:\/\/eldiarioantillano.com\/uno\/wp-json\/wp\/v2\/media\/73811"}],"wp:attachment":[{"href":"https:\/\/eldiarioantillano.com\/uno\/wp-json\/wp\/v2\/media?parent=73823"}],"wp:term":[{"taxonomy":"category","embeddable":true,"href":"https:\/\/eldiarioantillano.com\/uno\/wp-json\/wp\/v2\/categories?post=73823"},{"taxonomy":"post_tag","embeddable":true,"href":"https:\/\/eldiarioantillano.com\/uno\/wp-json\/wp\/v2\/tags?post=73823"}],"curies":[{"name":"wp","href":"https:\/\/api.w.org\/{rel}","templated":true}]}}