{"id":73775,"date":"2025-06-27T01:00:37","date_gmt":"2025-06-27T05:00:37","guid":{"rendered":"https:\/\/eldiarioantillano.com\/uno\/?p=73775"},"modified":"2025-06-27T01:00:38","modified_gmt":"2025-06-27T05:00:38","slug":"sin-sustento-declaracion-de-fiscal-general-de-ee-uu-afirma-mexico","status":"publish","type":"post","link":"https:\/\/eldiarioantillano.com\/uno\/2025\/06\/27\/sin-sustento-declaracion-de-fiscal-general-de-ee-uu-afirma-mexico\/","title":{"rendered":"Sin sustento declaraci\u00f3n de fiscal general de EE.\u00a0UU., afirma M\u00e9xico"},"content":{"rendered":"\n<p>Ciudad de M\u00e9xico, 26 jun (Prensa Latina) La presidenta de M\u00e9xico, Claudia Sheinbaum, asever\u00f3 hoy que carecen de sustento recientes declaraciones de la fiscal general de Estados Unidos, Pam Bondi, y las atribuy\u00f3 a que \u201cno est\u00e1 informada\u201d.<\/p>\n\n\n\n<p>\u201cNo tiene sustento lo que dijo la Secretaria del Departamento de Justicia\u201d, expuso la jefa del Ejecutivo al responder a una pregunta en su habitual conferencia de prensa acerca de la inclusi\u00f3n de M\u00e9xico por parte de Bondi entre supuestos \u201cadversarios extranjeros\u201d.<\/p>\n\n\n\n<p>Al subrayar que la funcionaria \u201cno est\u00e1 informada\u201d, Sheinbaum enumer\u00f3 distintos elementos que evidencian la cooperaci\u00f3n entre ambos pa\u00edses, entre estos, la pr\u00f3xima firma de la segunda parte de un acuerdo en materia de seguridad con el gobierno del territorio norte\u00f1o.<\/p>\n\n\n\n<p>\u201cEstamos por firmar el acuerdo, que tiene como eje la soberan\u00eda, la cooperaci\u00f3n para el desarrollo, lo que es nuestros lineamientos constitucionales y adem\u00e1s por convicci\u00f3n, pero de colaboraci\u00f3n y coordinaci\u00f3n\u201d, precis\u00f3.<\/p>\n\n\n\n<p>Asimismo, resalt\u00f3 la disminuci\u00f3n del cruce de fentanilo de M\u00e9xico hacia el vecino pa\u00eds, una realidad reconocida por la Oficina de Aduanas y Protecci\u00f3n Fronteriza de Estados Unidos, y tambi\u00e9n la ca\u00edda de los homicidios dolosos en esta naci\u00f3n latinoamericana.<\/p>\n\n\n\n<p>\u201cEntonces, pues habr\u00e1 quien tenga otra opini\u00f3n, pero la realidad es que hay cooperaci\u00f3n, coordinaci\u00f3n sin subordinaci\u00f3n y vamos avanzando, y la estrategia de seguridad en M\u00e9xico est\u00e1 funcionando, con sus problemas cotidianos, pero est\u00e1 funcionando\u201d, sostuvo.<\/p>\n\n\n\n<p>Hace pocos d\u00edas, el secretario de Seguridad y Protecci\u00f3n Ciudadana, Omar Garc\u00eda, inform\u00f3 sobre la detenci\u00f3n de 24 mil 652 personas por delitos de alto impacto, y la incautaci\u00f3n de 12 mil 736 armas y 178 toneladas de droga en menos de nueve meses.<\/p>\n\n\n\n<p>Del 1 de octubre de 2024, inicio de la actual administraci\u00f3n, hasta el 22 de junio \u00faltimo, los agentes decomisaron entre los estupefacientes m\u00e1s de tres millones de pastillas de fentanilo, adem\u00e1s de unas 41 toneladas de coca\u00edna en acciones mar\u00edtimas.<\/p>\n\n\n\n<p>jha\/las<\/p>\n","protected":false},"excerpt":{"rendered":"<p>Ciudad de M\u00e9xico, 26 jun (Prensa Latina) La presidenta de M\u00e9xico, Claudia Sheinbaum, asever\u00f3 hoy&hellip;<\/p>\n","protected":false},"author":2,"featured_media":73777,"comment_status":"open","ping_status":"open","sticky":false,"template":"","format":"standard","meta":{"footnotes":""},"categories":[52,53],"tags":[],"class_list":["post-73775","post","type-post","status-publish","format-standard","has-post-thumbnail","hentry","category-internacionales","category-prensa-latina"],"_links":{"self":[{"href":"https:\/\/eldiarioantillano.com\/uno\/wp-json\/wp\/v2\/posts\/73775","targetHints":{"allow":["GET"]}}],"collection":[{"href":"https:\/\/eldiarioantillano.com\/uno\/wp-json\/wp\/v2\/posts"}],"about":[{"href":"https:\/\/eldiarioantillano.com\/uno\/wp-json\/wp\/v2\/types\/post"}],"author":[{"embeddable":true,"href":"https:\/\/eldiarioantillano.com\/uno\/wp-json\/wp\/v2\/users\/2"}],"replies":[{"embeddable":true,"href":"https:\/\/eldiarioantillano.com\/uno\/wp-json\/wp\/v2\/comments?post=73775"}],"version-history":[{"count":1,"href":"https:\/\/eldiarioantillano.com\/uno\/wp-json\/wp\/v2\/posts\/73775\/revisions"}],"predecessor-version":[{"id":73778,"href":"https:\/\/eldiarioantillano.com\/uno\/wp-json\/wp\/v2\/posts\/73775\/revisions\/73778"}],"wp:featuredmedia":[{"embeddable":true,"href":"https:\/\/eldiarioantillano.com\/uno\/wp-json\/wp\/v2\/media\/73777"}],"wp:attachment":[{"href":"https:\/\/eldiarioantillano.com\/uno\/wp-json\/wp\/v2\/media?parent=73775"}],"wp:term":[{"taxonomy":"category","embeddable":true,"href":"https:\/\/eldiarioantillano.com\/uno\/wp-json\/wp\/v2\/categories?post=73775"},{"taxonomy":"post_tag","embeddable":true,"href":"https:\/\/eldiarioantillano.com\/uno\/wp-json\/wp\/v2\/tags?post=73775"}],"curies":[{"name":"wp","href":"https:\/\/api.w.org\/{rel}","templated":true}]}}