{"id":73772,"date":"2025-06-26T01:44:29","date_gmt":"2025-06-26T05:44:29","guid":{"rendered":"https:\/\/eldiarioantillano.com\/uno\/?p=73772"},"modified":"2025-06-26T01:44:32","modified_gmt":"2025-06-26T05:44:32","slug":"como-siempre-el-mito-y-la-coaccion","status":"publish","type":"post","link":"https:\/\/eldiarioantillano.com\/uno\/2025\/06\/26\/como-siempre-el-mito-y-la-coaccion\/","title":{"rendered":"Como siempre, el mito y la coacci\u00f3n"},"content":{"rendered":"\n<p>Por C\u00c9SAR P\u00c9REZ<\/p>\n\n\n<div class=\"wp-block-image is-style-rounded\">\n<figure class=\"alignright size-thumbnail\"><img decoding=\"async\" width=\"150\" height=\"150\" src=\"https:\/\/eldiarioantillano.com\/uno\/wp-content\/uploads\/2023\/10\/Cesar-Perez-150x150.png\" alt=\"\" class=\"wp-image-63777\" srcset=\"https:\/\/eldiarioantillano.com\/uno\/wp-content\/uploads\/2023\/10\/Cesar-Perez-150x150.png 150w, https:\/\/eldiarioantillano.com\/uno\/wp-content\/uploads\/2023\/10\/Cesar-Perez-585x585.png 585w\" sizes=\"(max-width: 150px) 100vw, 150px\" \/><figcaption class=\"wp-element-caption\">C\u00e9sar P\u00e9rez<\/figcaption><\/figure>\n<\/div>\n\n\n<p>Con el inconfundible estilo del sector m\u00e1s incisivo\/obsesivo del ultranacionalismo, sali\u00f3 a la luz p\u00fablica un comunicado con evidente intenci\u00f3n de incidir en el proceso de discusi\u00f3n de la cuesti\u00f3n de la migraci\u00f3n haitiana que, como resultado de la Cumbre del presidente en ejercicio y tres expresidentes, se inici\u00f3 el pasado lunes en el Consejo Econ\u00f3mico y Social. Ese comunicado constituye otra expresi\u00f3n no solo del activismo del referido sector en su obcecada defensa de la Sentencia 168-13 y de oposici\u00f3n a la Ley 189-14, sino de la vigencia del antihaitianismo en la sociedad dominicana labrado durante la tiran\u00eda trujillista. Por eso, el recurso al mito y la coacci\u00f3n en dicha declaraci\u00f3n para tratar de impedir la inevitable regulaci\u00f3n y reconocimiento de derechos a miles de personas.<\/p>\n\n\n\n<p>Desafortunadamente, llama poderosamente la atenci\u00f3n que la publicaci\u00f3n est\u00e9 rubricado por sectores de origen distinto y por momentos contrarios al grueso de los dem\u00e1s suscribientes y, sobre todo, del n\u00facleo duro impulsor del texto de reconocido origen trujillista. Lejos de estigmatizar a todos los suscribientes, resulta pertinente hacer consciencia de la complejidad del sentimiento nacionalista y, por consiguiente, de la necesaria objetividad\/prudencia con que debe tratarse este tema. No obstante, en este caso, independientemente de las razones, toda posici\u00f3n o actitud que se oponga al reconocimiento de los derechos de cualquier grupo o singulares seres humanos, de hecho, en t\u00e9rminos pol\u00edticos y moral, se sit\u00faa en las posiciones m\u00e1s reaccionarias del nacionalismo.<\/p>\n\n\n\n<p>Para fortalecer el mito del peligro de muestra soberan\u00eda, en el documento se dice que: \u201cExisten indicios sobrados de que en Hait\u00ed y la isla de Santo Domingo se viene ejecutando un plan de alta inteligencia y perversidad criminal, que apunta a trasvasar sus crisis sobre la naci\u00f3n dominicana, plan que fue denunciado en abril del a\u00f1o pasado por el entonces senador Marco Rubio, actual secretario de Estado de EE. UU.\u201d. Una interpretaci\u00f3n\/manipulaci\u00f3n de un art\u00edculo de campa\u00f1a electoral de ese halc\u00f3n para el peri\u00f3dico Diario Libre de fecha 24 de abril de 2024. Otro motivo de su \u201cpreocupaci\u00f3n\u201d son las denuncias del Instituto Duartiano sobre las \u201camenazas a la naci\u00f3n\u201d, el mismo colectivo que destutan\u00f3 de manera fulminante y antidemocr\u00e1tica a su pasado presidente solo por abogar por buenas relaciones entre Hait\u00ed y Rep\u00fablica Dominicana.<\/p>\n\n\n\n<p>Con estos mitos se construye el objetivo central del comunicado: una \u201cadvertencia\u201d, coacci\u00f3n, \u201ca los poderes p\u00fablicos a no ceder ante las aviesas presiones y manipulaciones que se despliegan en muchos \u00f3rdenes para ejecutar un nuevo plan de regularizaci\u00f3n migratoria\u201d. Algunas precisiones: los poderes p\u00fablicos competentes no solo tienen pleno derecho a tomar medidas en el orden migratorio, dentro de la ley, sino que tienen la obligaci\u00f3n de hacer cumplir la Ley 169- 14 sobre la poblaci\u00f3n de origen haitiano afectados por la Sentencia 168-13. Mientras la referida Ley est\u00e9 vigente, como en efecto est\u00e1, el Estado dominicano est\u00e1 obligado a seguir el proceso de regularizaci\u00f3n. De lo contrario, estar\u00eda situ\u00e1ndose al margen de la Ley, como pretenden los ultranacionalistas.<\/p>\n\n\n\n<p>Cuando hablan de \u201cnueva regularizaci\u00f3n\u201d dan por terminado el proceso que abri\u00f3 la Ley 169\u201914 y se refieren a la regulaci\u00f3n que con diversas modalidades demandan algunos los sectores productivos. Al respecto, la Ley de Migraci\u00f3n en su art\u00edculo 9, numeral 5, faculta a esta instituci\u00f3n para: \u201cProponer estrategias que racionalice el empleo de mano de obra inmigrante en funci\u00f3n de los requerimientos sectoriales del mercado de trabajo y la demanda de recursos humanos calificados que requiere el proceso de desarrollo\u201d. Es evidente que esta cuesti\u00f3n ser\u00e1 planteada por sectores laborales, econ\u00f3micos, laborales, de la sociedad civil y del partido oficial, en la mesa correspondiente, en las discusiones sobre la cuesti\u00f3n migratoria en el Consejo Econ\u00f3mico y Social, lo cual esos sectores intentan impedir.<\/p>\n\n\n\n<p>Ese tema no solamente deber\u00e1 ser tratado en ese espacio, sino que el ministro de Agricultura anunci\u00f3 que se ha comenzado a otorgar permisos de trabajo a migrantes de origen haitiano que tienen tiempo trabajando en diversos centros productivos. El otorgamiento de esas licencias cuenta con el respaldo de la Ley de Migraci\u00f3n en el art\u00edculo arriba citado. Contra esos permisos se ha pronunciado el Instituto Duartiano con el<em> pelegrino<\/em> argumento de que con ello se \u201clesiona\u201d la soberan\u00eda. Una falacia. Esa mano de obra no lesiona nuestra soberan\u00eda, es un pivote que ha impulsado nuestra econom\u00eda en las \u00faltimas d\u00e9cadas. No obstante, debemos ser conscientes que, seg\u00fan el art\u00edculo 62 de la Ley de Migraci\u00f3n, los trabajadores que tuviesen un permiso temporal pueden solicitar un cambio de categor\u00eda si as\u00ed lo considerasen, pues les asisten derechos universalmente reconocidos&#8230;<\/p>\n\n\n\n<p>Finalmente, recordando a Hobsbawm, la obcecaci\u00f3n del n\u00facleo duro de activistas ultranacionalistas contra la regulaci\u00f3n puede \u201ccausar m\u00e1s muertes que los constructores incompetentes\u201d. Estos creen y difunden el mito de naci\u00f3n \u00e9tnica, ling\u00fc\u00edstica y culturalmente homog\u00e9nea que conduce a grandes grupos de individuos a ese desprecio y acoso contra el \u201cotro\u201d que ha conducido a limpiezas \u00e9tnicas y holocaustos en algunos pa\u00edses, incluyendo el nuestro. Es este el verdadero peligro que amenaza nuestra naci\u00f3n, la bomba que debe desactivar este gobierno junto a toda persona de vocaci\u00f3n y trayectoria realmente democr\u00e1tica.<\/p>\n","protected":false},"excerpt":{"rendered":"<p>Por C\u00c9SAR P\u00c9REZ Con el inconfundible estilo del sector m\u00e1s incisivo\/obsesivo del ultranacionalismo, sali\u00f3 a&hellip;<\/p>\n","protected":false},"author":2,"featured_media":63777,"comment_status":"open","ping_status":"open","sticky":false,"template":"","format":"standard","meta":{"footnotes":""},"categories":[71,55,51],"tags":[],"class_list":["post-73772","post","type-post","status-publish","format-standard","has-post-thumbnail","hentry","category-cesar-perez","category-nacionales","category-opinion"],"_links":{"self":[{"href":"https:\/\/eldiarioantillano.com\/uno\/wp-json\/wp\/v2\/posts\/73772","targetHints":{"allow":["GET"]}}],"collection":[{"href":"https:\/\/eldiarioantillano.com\/uno\/wp-json\/wp\/v2\/posts"}],"about":[{"href":"https:\/\/eldiarioantillano.com\/uno\/wp-json\/wp\/v2\/types\/post"}],"author":[{"embeddable":true,"href":"https:\/\/eldiarioantillano.com\/uno\/wp-json\/wp\/v2\/users\/2"}],"replies":[{"embeddable":true,"href":"https:\/\/eldiarioantillano.com\/uno\/wp-json\/wp\/v2\/comments?post=73772"}],"version-history":[{"count":1,"href":"https:\/\/eldiarioantillano.com\/uno\/wp-json\/wp\/v2\/posts\/73772\/revisions"}],"predecessor-version":[{"id":73773,"href":"https:\/\/eldiarioantillano.com\/uno\/wp-json\/wp\/v2\/posts\/73772\/revisions\/73773"}],"wp:featuredmedia":[{"embeddable":true,"href":"https:\/\/eldiarioantillano.com\/uno\/wp-json\/wp\/v2\/media\/63777"}],"wp:attachment":[{"href":"https:\/\/eldiarioantillano.com\/uno\/wp-json\/wp\/v2\/media?parent=73772"}],"wp:term":[{"taxonomy":"category","embeddable":true,"href":"https:\/\/eldiarioantillano.com\/uno\/wp-json\/wp\/v2\/categories?post=73772"},{"taxonomy":"post_tag","embeddable":true,"href":"https:\/\/eldiarioantillano.com\/uno\/wp-json\/wp\/v2\/tags?post=73772"}],"curies":[{"name":"wp","href":"https:\/\/api.w.org\/{rel}","templated":true}]}}