{"id":73755,"date":"2025-06-23T23:49:57","date_gmt":"2025-06-24T03:49:57","guid":{"rendered":"https:\/\/eldiarioantillano.com\/uno\/?p=73755"},"modified":"2025-06-23T23:49:58","modified_gmt":"2025-06-24T03:49:58","slug":"realizan-otra-asamblea-en-cotui-contra-presa-de-cola-de-la-barrick-gold","status":"publish","type":"post","link":"https:\/\/eldiarioantillano.com\/uno\/2025\/06\/23\/realizan-otra-asamblea-en-cotui-contra-presa-de-cola-de-la-barrick-gold\/","title":{"rendered":"Realizan otra asamblea en Cotu\u00ed contra presa de cola de la Barrick Gold"},"content":{"rendered":"\n<p>Los asamble\u00edstas decidieron continuar resistiendo y moviliz\u00e1ndose contra la construcci\u00f3n de la presa de cola de la minera canadiense.\u00a0<br><br><br><\/p>\n\n\n\n<p><\/p>\n","protected":false},"excerpt":{"rendered":"<p>Los asamble\u00edstas decidieron continuar resistiendo y moviliz\u00e1ndose contra la construcci\u00f3n de la presa de cola&hellip;<\/p>\n","protected":false},"author":2,"featured_media":73746,"comment_status":"open","ping_status":"open","sticky":false,"template":"","format":"standard","meta":{"footnotes":""},"categories":[55],"tags":[],"class_list":["post-73755","post","type-post","status-publish","format-standard","has-post-thumbnail","hentry","category-nacionales"],"_links":{"self":[{"href":"https:\/\/eldiarioantillano.com\/uno\/wp-json\/wp\/v2\/posts\/73755","targetHints":{"allow":["GET"]}}],"collection":[{"href":"https:\/\/eldiarioantillano.com\/uno\/wp-json\/wp\/v2\/posts"}],"about":[{"href":"https:\/\/eldiarioantillano.com\/uno\/wp-json\/wp\/v2\/types\/post"}],"author":[{"embeddable":true,"href":"https:\/\/eldiarioantillano.com\/uno\/wp-json\/wp\/v2\/users\/2"}],"replies":[{"embeddable":true,"href":"https:\/\/eldiarioantillano.com\/uno\/wp-json\/wp\/v2\/comments?post=73755"}],"version-history":[{"count":1,"href":"https:\/\/eldiarioantillano.com\/uno\/wp-json\/wp\/v2\/posts\/73755\/revisions"}],"predecessor-version":[{"id":73756,"href":"https:\/\/eldiarioantillano.com\/uno\/wp-json\/wp\/v2\/posts\/73755\/revisions\/73756"}],"wp:featuredmedia":[{"embeddable":true,"href":"https:\/\/eldiarioantillano.com\/uno\/wp-json\/wp\/v2\/media\/73746"}],"wp:attachment":[{"href":"https:\/\/eldiarioantillano.com\/uno\/wp-json\/wp\/v2\/media?parent=73755"}],"wp:term":[{"taxonomy":"category","embeddable":true,"href":"https:\/\/eldiarioantillano.com\/uno\/wp-json\/wp\/v2\/categories?post=73755"},{"taxonomy":"post_tag","embeddable":true,"href":"https:\/\/eldiarioantillano.com\/uno\/wp-json\/wp\/v2\/tags?post=73755"}],"curies":[{"name":"wp","href":"https:\/\/api.w.org\/{rel}","templated":true}]}}