{"id":73753,"date":"2025-06-24T00:00:00","date_gmt":"2025-06-24T04:00:00","guid":{"rendered":"https:\/\/eldiarioantillano.com\/uno\/?p=73753"},"modified":"2025-06-23T23:49:11","modified_gmt":"2025-06-24T03:49:11","slug":"juneteenth-o-dia-de-la-liberacion-en-eeuu-trump-calla","status":"publish","type":"post","link":"https:\/\/eldiarioantillano.com\/uno\/2025\/06\/24\/juneteenth-o-dia-de-la-liberacion-en-eeuu-trump-calla\/","title":{"rendered":"Juneteenth o D\u00eda de la Liberaci\u00f3n en EEUU, Trump calla"},"content":{"rendered":"\n<p>Washington, (Prensa Latina) Estados Unidos celebr\u00f3 la fecha del fin de la esclavitud, Juneteenth o D\u00eda de la Liberaci\u00f3n, aunque la Casa Blanca no mencion\u00f3 la efem\u00e9ride y el presidente Donald Trump, siempre activo en redes sociales, guard\u00f3 silencio.<\/p>\n\n\n\n<p>El primero de enero de 1863, el presidente Abraham Lincoln emiti\u00f3 la Proclamaci\u00f3n de Emancipaci\u00f3n, declarando libres a los esclavos en los estados confederados que se hab\u00edan sublevado contra la Uni\u00f3n. Si bien este fue un paso monumental hacia el fin de la esclavitud, su implementaci\u00f3n no fue inmediata ni uniforme en el territorio estadounidense.<\/p>\n\n\n\n<p>\u00abEl 19 de junio de 1865 (dos a\u00f1os despu\u00e9s) la noticia de la Proclamaci\u00f3n de Emancipaci\u00f3n lleg\u00f3 a los \u00faltimos esclavos de Galveston, Texas. Hoy honramos la fortaleza de quienes soportaron la esclavitud y de las generaciones que lucharon y siguen luchando por la libertad y la justicia\u00bb, expres\u00f3 el congresista dem\u00f3crata Gregory Meeks a prop\u00f3sito de la fecha.<\/p>\n\n\n\n<p>Sin embargo, en la p\u00e1gina oficial de la mansi\u00f3n ejecutiva no hubo mensaje sobre una jornada importante para los estadounidenses negros.<\/p>\n\n\n\n<p>Cuando se le pregunt\u00f3 si Trump conmemorar\u00eda Juneteenth, la secretaria de prensa de la Casa Blanca, Karoline Leavitt, dijo a los periodistas que sab\u00eda que esta es una de las fechas de ocio federales.<\/p>\n\n\n\n<p>\u201cQuiero agradecerles a todos por aparecer en el trabajo. Ciertamente estamos aqu\u00ed. Estamos trabajando 24\/7 en este momento\u201d, dijo.<\/p>\n\n\n\n<p>En 2021, el entonces mandatario Joe Biden firm\u00f3 una ley para convertir el 19 de junio en feriado federal, una iniciativa legislativa que se aprob\u00f3 tras el renovado inter\u00e9s por la efem\u00e9ride durante el verano de 2020 cuando el pa\u00eds fue escenario de masivas protestas por los asesinatos de los afroamericanos George Floyd y Breonna Taylor a manos de la polic\u00eda.<\/p>\n\n\n\n<p>La semana pasada se cumplieron 160 a\u00f1os de aquella jornada en que el \u00faltimo grupo de personas esclavizadas se enter\u00f3 con retraso de su liberaci\u00f3n. El Juneteenth es una celebraci\u00f3n de libertad y oportunidades, afirm\u00f3 Sam Collins, miembro del consejo directivo de la Biblioteca Rosenberg en Galveston, Texas.<\/p>\n\n\n\n<p>\u00abNo se trata tanto de la esclavitud, sino de la liberaci\u00f3n de la esclavitud y de lo que permiti\u00f3 a las personas que antes eran esclavizadas vivir libres, casarse, aprender a leer, educarse, tener autonom\u00eda sobre sus cuerpos y mantener unidas a sus familias\u00bb, declar\u00f3 a USA TODAY.<\/p>\n\n\n\n<p>Sin embargo, el Museo Nacional de Historia Afroamericana lo calific\u00f3 como un \u00abevento a menudo pasado por alto en la historia de nuestra naci\u00f3n\u00bb.<\/p>\n\n\n\n<p>El actual ocupante del Despacho Oval no celebr\u00f3 eventos p\u00fablicos ese d\u00eda, pero comparti\u00f3, por ejemplo, declaraciones sobre Ir\u00e1n y su orden para ampliar el plazo de vida para la aplicaci\u00f3n TikTok.<\/p>\n\n\n\n<p>A diferencia de su primer mandato cuando hizo observaciones anuales sobre la fecha, en este hubo mutis. En 2017, Trump invoc\u00f3 las \u201cfestividades conmovedoras\u201d y el regocijo emocional cuando se entreg\u00f3 en 1865 la notificaci\u00f3n de que todas las personas esclavizadas eran libres.<\/p>\n\n\n\n<p>Recuerdan medios locales que Trump cont\u00f3 la historia de Galveston en cada uno de las pr\u00f3ximas tres primaveras. \u201cJuntos, honramos el esp\u00edritu inquebrantable y las innumerables contribuciones de generaciones de afroamericanos a la historia del esplendor estadounidense\u201d, subray\u00f3 en su comunicaci\u00f3n de 2018.<\/p>\n\n\n\n<p>En 2019 dijo que \u201cen todo nuestro pa\u00eds, las contribuciones de los afroamericanos contin\u00faan enriqueciendo todas las facetas de la vida estadounidense\u201d.<\/p>\n\n\n\n<p>En 2020, el comunicado de prensa de la Casa Blanca detallaba: \u201cLa Primera Dama y yo enviamos nuestros m\u00e1s c\u00e1lidos saludos a quienes celebran Juneteenth este a\u00f1o\u201d.<\/p>\n\n\n\n<p>\u201cEn este d\u00eda (\u2026) los afroamericanos de Texas escucharon por primera vez las justas y esperadas palabras de la Orden General N\u00famero 3: \u2018Todos los esclavos son libres\u2019. Estas palabras confirmaron a las personas a\u00fan esclavizadas en Texas que el Ej\u00e9rcito de la Uni\u00f3n har\u00eda cumplir y defender\u00eda su libertad, anunciada casi tres a\u00f1os antes\u201d, indic\u00f3.<\/p>\n\n\n\n<p>Juneteenth nos recuerda tanto la inimaginable injusticia de la esclavitud como la incomparable alegr\u00eda que debi\u00f3 acompa\u00f1ar a la emancipaci\u00f3n.<\/p>\n\n\n\n<p>Es a la vez un recuerdo de una mancha en nuestra historia y una celebraci\u00f3n de la insuperable capacidad de nuestra naci\u00f3n para triunfar sobre la oscuridad, apunt\u00f3 en aquel momento.<\/p>\n\n\n\n<p>rc\/dfm<\/p>\n","protected":false},"excerpt":{"rendered":"<p>Washington, (Prensa Latina) Estados Unidos celebr\u00f3 la fecha del fin de la esclavitud, Juneteenth o&hellip;<\/p>\n","protected":false},"author":2,"featured_media":73745,"comment_status":"open","ping_status":"open","sticky":false,"template":"","format":"standard","meta":{"footnotes":""},"categories":[52,53],"tags":[],"class_list":["post-73753","post","type-post","status-publish","format-standard","has-post-thumbnail","hentry","category-internacionales","category-prensa-latina"],"_links":{"self":[{"href":"https:\/\/eldiarioantillano.com\/uno\/wp-json\/wp\/v2\/posts\/73753","targetHints":{"allow":["GET"]}}],"collection":[{"href":"https:\/\/eldiarioantillano.com\/uno\/wp-json\/wp\/v2\/posts"}],"about":[{"href":"https:\/\/eldiarioantillano.com\/uno\/wp-json\/wp\/v2\/types\/post"}],"author":[{"embeddable":true,"href":"https:\/\/eldiarioantillano.com\/uno\/wp-json\/wp\/v2\/users\/2"}],"replies":[{"embeddable":true,"href":"https:\/\/eldiarioantillano.com\/uno\/wp-json\/wp\/v2\/comments?post=73753"}],"version-history":[{"count":1,"href":"https:\/\/eldiarioantillano.com\/uno\/wp-json\/wp\/v2\/posts\/73753\/revisions"}],"predecessor-version":[{"id":73754,"href":"https:\/\/eldiarioantillano.com\/uno\/wp-json\/wp\/v2\/posts\/73753\/revisions\/73754"}],"wp:featuredmedia":[{"embeddable":true,"href":"https:\/\/eldiarioantillano.com\/uno\/wp-json\/wp\/v2\/media\/73745"}],"wp:attachment":[{"href":"https:\/\/eldiarioantillano.com\/uno\/wp-json\/wp\/v2\/media?parent=73753"}],"wp:term":[{"taxonomy":"category","embeddable":true,"href":"https:\/\/eldiarioantillano.com\/uno\/wp-json\/wp\/v2\/categories?post=73753"},{"taxonomy":"post_tag","embeddable":true,"href":"https:\/\/eldiarioantillano.com\/uno\/wp-json\/wp\/v2\/tags?post=73753"}],"curies":[{"name":"wp","href":"https:\/\/api.w.org\/{rel}","templated":true}]}}