{"id":73734,"date":"2025-06-23T00:10:00","date_gmt":"2025-06-23T04:10:00","guid":{"rendered":"https:\/\/eldiarioantillano.com\/uno\/?p=73734"},"modified":"2025-06-22T19:26:13","modified_gmt":"2025-06-22T23:26:13","slug":"instalaran-sucursal-del-banco-de-reservas-en-manzanillo-montecristi","status":"publish","type":"post","link":"https:\/\/eldiarioantillano.com\/uno\/2025\/06\/23\/instalaran-sucursal-del-banco-de-reservas-en-manzanillo-montecristi\/","title":{"rendered":"Instalar\u00e1n sucursal del Banco de Reservas en Manzanillo, Montecristi"},"content":{"rendered":"\n<p>La oficina ser\u00eda inaugurada en el pr\u00f3ximo mes de julio, en este municipio costero en que se est\u00e1n haciendo cuantiosas inversiones en plantas el\u00e9ctricas, hoteles y reparaci\u00f3n del muelle.\u00a0 (Foto: Iv\u00e1n Marichal).\u00a0<\/p>\n","protected":false},"excerpt":{"rendered":"<p>La oficina ser\u00eda inaugurada en el pr\u00f3ximo mes de julio, en este municipio costero en&hellip;<\/p>\n","protected":false},"author":2,"featured_media":73735,"comment_status":"open","ping_status":"open","sticky":false,"template":"","format":"standard","meta":{"footnotes":""},"categories":[57],"tags":[],"class_list":["post-73734","post","type-post","status-publish","format-standard","has-post-thumbnail","hentry","category-montecristi"],"_links":{"self":[{"href":"https:\/\/eldiarioantillano.com\/uno\/wp-json\/wp\/v2\/posts\/73734","targetHints":{"allow":["GET"]}}],"collection":[{"href":"https:\/\/eldiarioantillano.com\/uno\/wp-json\/wp\/v2\/posts"}],"about":[{"href":"https:\/\/eldiarioantillano.com\/uno\/wp-json\/wp\/v2\/types\/post"}],"author":[{"embeddable":true,"href":"https:\/\/eldiarioantillano.com\/uno\/wp-json\/wp\/v2\/users\/2"}],"replies":[{"embeddable":true,"href":"https:\/\/eldiarioantillano.com\/uno\/wp-json\/wp\/v2\/comments?post=73734"}],"version-history":[{"count":2,"href":"https:\/\/eldiarioantillano.com\/uno\/wp-json\/wp\/v2\/posts\/73734\/revisions"}],"predecessor-version":[{"id":73742,"href":"https:\/\/eldiarioantillano.com\/uno\/wp-json\/wp\/v2\/posts\/73734\/revisions\/73742"}],"wp:featuredmedia":[{"embeddable":true,"href":"https:\/\/eldiarioantillano.com\/uno\/wp-json\/wp\/v2\/media\/73735"}],"wp:attachment":[{"href":"https:\/\/eldiarioantillano.com\/uno\/wp-json\/wp\/v2\/media?parent=73734"}],"wp:term":[{"taxonomy":"category","embeddable":true,"href":"https:\/\/eldiarioantillano.com\/uno\/wp-json\/wp\/v2\/categories?post=73734"},{"taxonomy":"post_tag","embeddable":true,"href":"https:\/\/eldiarioantillano.com\/uno\/wp-json\/wp\/v2\/tags?post=73734"}],"curies":[{"name":"wp","href":"https:\/\/api.w.org\/{rel}","templated":true}]}}