{"id":73713,"date":"2025-06-23T00:11:00","date_gmt":"2025-06-23T04:11:00","guid":{"rendered":"https:\/\/eldiarioantillano.com\/uno\/?p=73713"},"modified":"2025-06-21T23:17:01","modified_gmt":"2025-06-22T03:17:01","slug":"el-milagro-de-recuperar-la-vision-en-guatemala","status":"publish","type":"post","link":"https:\/\/eldiarioantillano.com\/uno\/2025\/06\/23\/el-milagro-de-recuperar-la-vision-en-guatemala\/","title":{"rendered":"El milagro de recuperar la visi\u00f3n en Guatemala"},"content":{"rendered":"\n<p>Por Zeus Naya<br>Corresponsal jefe de Prensa Latina en Guatemala<\/p>\n\n\n\n<p>Ciudad de Guatemala (Prensa Latina) El milagro de recuperar la visi\u00f3n en Guatemala est\u00e1 tambi\u00e9n en el peque\u00f1o hospital oftalmol\u00f3gico del municipio de Villa Nueva, el primero de cuatro fundados por colaboradores de Cuba en el lejano 2006.<\/p>\n\n\n\n<p>A casi 20 kil\u00f3metros de la urbe, ahora ubicado en el interior del mercado Concepci\u00f3n, alberga innumerables historias de gente humilde llegadas en una condici\u00f3n dif\u00edcil y que agradecen luego con el alma repleta de alegr\u00eda.<\/p>\n\n\n\n<p>Solo 11 miembros de la brigada m\u00e9dica cubana en la tierra del quetzal, junto a dos enfermeras chapinas, regalan amor inmenso de lunes a viernes desde las siete de la ma\u00f1ana, muchas veces, hasta bien tarde.<br>La admiraci\u00f3n es tanta por la excelencia del servicio, la bondad ofrecida, las manos benditas, que no solo arriban pacientes de la propia demarcaci\u00f3n, de otras del pa\u00eds, sino igualmente de los vecinos El Salvador y Honduras.<\/p>\n\n\n\n<p>El respeto aflora por los oftalm\u00f3logos Iraldo Ar\u00e9valo y Olivia Rosales, la especialista en Medicina General Integral Yoaska Bofill, as\u00ed como de Germ\u00e1n Eladio D\u00edaz (electrom\u00e9dico).<\/p>\n\n\n\n<p>En el equipo cada pieza cuenta; la optometrista Yanerkis Gonz\u00e1lez tiene el necesario encargo de recibir temprano a los enfermos, ubicarlos en cada consulta y luego dar seguimiento a quienes van a ser intervenidos en la jornada.<\/p>\n\n\n\n<p>Lilian Fonseca juega un papel clave en el preoperatorio, igual Odalis L\u00f3pez con la esterilizaci\u00f3n, la instrumentista Dagmara Escalona, Xiomara D\u00edaz en el posoperatorio y Yensis Lama, enfermera circulante.<\/p>\n\n\n\n<p>PRESENTACI\u00d3N NECESARIA<\/p>\n\n\n\n<p>La doctora en Medicina y especialista de II Grado en Medicina General Integral, de la oriental provincia cubana de Granma, Mar\u00eda Elena Barrero, a cargo de ese colectivo, comienza por destacar que siempre tienen gran afluencia de pacientes.<\/p>\n\n\n\n<p>Atendemos entre 67 y 70 diarios, pues se presentan los de primera consulta y las reconsultas de los operados, describi\u00f3 la galeno, quien explic\u00f3 que operan de 15 a 21 casos.<\/p>\n\n\n\n<p>Las cirug\u00edas oculares m\u00e1s frecuentes que realizamos -acot\u00f3- son de catarata y de pterigi\u00f3n, incluidas las de verrugas y l\u00e1ser de glaucoma.<\/p>\n\n\n\n<p>\u201cEs un programa muy lindo, sobre todo cuando llegan para agradecer la recuperaci\u00f3n de su visi\u00f3n\u201d, subray\u00f3 la fundadora del Contingente Internacional de M\u00e9dicos Especializados en Situaciones de Desastres y Graves Epidemias \u201cHenry Reeve\u201d.<\/p>\n\n\n\n<p>Asimismo, que esa persona se puede incorporar a una vida \u00fatil como lo so\u00f1\u00f3 nuestro Comandante en Jefe, Fidel Castro, a\u00f1adi\u00f3 en sus palabras a la agencia Prensa Latina.<\/p>\n\n\n\n<p>Siempre que pensamos en catarata, nos vienen a la mente personas mayores, de la tercera edad, y no es as\u00ed, afirm\u00f3 la doctora, con prestaciones solidarias en la Rep\u00fablica de Mali (2002-2005) y jefa de misi\u00f3n en Djibouti (2013-2017).<\/p>\n\n\n\n<p>LA CARITA DE SU BEB\u00c9<\/p>\n\n\n\n<p>Hemos atendido a muchos j\u00f3venes, de 17 a 27 a\u00f1os, casos que nos conmueven y nos llegan al coraz\u00f3n, remarc\u00f3 Barrero, quien ejemplific\u00f3 con uno que a su arribo a la consulta no sab\u00eda que era diab\u00e9tico.<\/p>\n\n\n\n<p>Despu\u00e9s que le compensamos y le pusimos tratamiento, se oper\u00f3 de un ojo y luego del otro, por lo cual fue grande el cambio en ese muchacho, ampli\u00f3 la madre de dos hijos.<\/p>\n\n\n\n<p>Cuando lleg\u00f3 al centro, enfatiz\u00f3, ven\u00eda descuidado en su aspecto personal y no conoc\u00eda a su ni\u00f1o de un a\u00f1o y medio porque no lo pod\u00eda ver.<\/p>\n\n\n\n<p>Tras la cirug\u00eda del segundo ojito, seg\u00fan la doctora, regres\u00f3 a la consulta diferente, bien cuidado, peinado, bien vestido y dando con emoci\u00f3n las gracias porque ya pod\u00eda observar la carita de su beb\u00e9.<\/p>\n\n\n\n<p>Son an\u00e9cdotas lindas las de este programa bien llamado Operaci\u00f3n Milagro, insisti\u00f3 quien estuviera primero dos meses en Guatemala, en 2005, como parte del continente Henry Reeve, debido a inundaciones de la \u00e9poca.<\/p>\n\n\n\n<p>Regres\u00f3 a Cuba pero retorn\u00f3 a esta naci\u00f3n, al municipio Malacat\u00e1n, occidental departamento de San Marcos, fronterizo con M\u00e9xico. Y despu\u00e9s, Villa Nueva.<\/p>\n\n\n\n<p>SIEMPRE EL AGRADECIMIENTO<\/p>\n\n\n\n<p>A su juicio, la mayor\u00eda de los pacientes que llegan al hospital son de muy escasos recursos, pero siempre agradecidos, \u201cen sus reverencias nunca faltan ni Dios ni los m\u00e9dicos cubanos\u201d.<\/p>\n\n\n\n<p>Vienen con una tortillita, refiri\u00f3, con una javita (bolsa) con sus mangos, otros traen ma\u00edz, el elote como le dicen ellos, y comentan, miren no tenemos mucho que ofrecer\u2026<\/p>\n\n\n\n<p>Nosotros siempre les argumentamos que es un programa gratuito, que no tienen que dar nada, \u201cpara eso estamos, esto fue ideado con el fin de ayudar a los m\u00e1s necesitados\u201d, precis\u00f3.<\/p>\n\n\n\n<p>No obstante, expuso, igualmente vienen pacientes que tienen recursos, pero llegan por la calidad de la atenci\u00f3n y la divulgaci\u00f3n que se hace.<\/p>\n\n\n\n<p>Hay quienes fueron a una cl\u00ednica privada y nos han dicho, no doctora, estoy en busca de una segunda opini\u00f3n, realz\u00f3 Barrero, exvicedirectora general de salud en Granma.<\/p>\n\n\n\n<p>SENSIBILIDAD<\/p>\n\n\n\n<p>Es por esa sensibilidad, la personalizaci\u00f3n de los casos, el humanismo ense\u00f1ado, que \u201chacemos lo mejor que sabemos, trabajar, querer a las personas, como dicen ellos\u201d, reconoci\u00f3 la entrevistada.<\/p>\n\n\n\n<p>Incluso un paciente me contaba: \u201cYo fui a una cl\u00ednica y me atendieron, me recetaron, pero ya no me dieron un seguimiento. Ustedes me est\u00e1n citando, me palpan, me hablan, me dicen sinceramente las posibilidades\u201d.<\/p>\n\n\n\n<p>Todas las ma\u00f1anas cuando llegamos, expres\u00f3, impartimos una charla a la totalidad de los pacientes, les instamos a no tener miedo, que es algo f\u00e1cil, aunque puede ser complicado, y de los cuidados que ellos deben tener tras operarse.<\/p>\n\n\n\n<p>De las reconsultas, asever\u00f3, reciente atendimos a una paciente que le digo, pero usted vino sola y respondi\u00f3 s\u00ed, cuando llegu\u00e9 por primera vez no pod\u00eda, ya ustedes me operaron, y vengo y voy sola a dondequiera.<\/p>\n\n\n\n<p>Y todos con un gran optimismo, lo cual, reiter\u00f3 la doctora, es algo lindo.<\/p>\n\n\n\n<p>arb\/znc<\/p>\n","protected":false},"excerpt":{"rendered":"<p>Por Zeus NayaCorresponsal jefe de Prensa Latina en Guatemala Ciudad de Guatemala (Prensa Latina) El&hellip;<\/p>\n","protected":false},"author":2,"featured_media":73714,"comment_status":"open","ping_status":"open","sticky":false,"template":"","format":"standard","meta":{"footnotes":""},"categories":[52,53],"tags":[],"class_list":["post-73713","post","type-post","status-publish","format-standard","has-post-thumbnail","hentry","category-internacionales","category-prensa-latina"],"_links":{"self":[{"href":"https:\/\/eldiarioantillano.com\/uno\/wp-json\/wp\/v2\/posts\/73713","targetHints":{"allow":["GET"]}}],"collection":[{"href":"https:\/\/eldiarioantillano.com\/uno\/wp-json\/wp\/v2\/posts"}],"about":[{"href":"https:\/\/eldiarioantillano.com\/uno\/wp-json\/wp\/v2\/types\/post"}],"author":[{"embeddable":true,"href":"https:\/\/eldiarioantillano.com\/uno\/wp-json\/wp\/v2\/users\/2"}],"replies":[{"embeddable":true,"href":"https:\/\/eldiarioantillano.com\/uno\/wp-json\/wp\/v2\/comments?post=73713"}],"version-history":[{"count":1,"href":"https:\/\/eldiarioantillano.com\/uno\/wp-json\/wp\/v2\/posts\/73713\/revisions"}],"predecessor-version":[{"id":73718,"href":"https:\/\/eldiarioantillano.com\/uno\/wp-json\/wp\/v2\/posts\/73713\/revisions\/73718"}],"wp:featuredmedia":[{"embeddable":true,"href":"https:\/\/eldiarioantillano.com\/uno\/wp-json\/wp\/v2\/media\/73714"}],"wp:attachment":[{"href":"https:\/\/eldiarioantillano.com\/uno\/wp-json\/wp\/v2\/media?parent=73713"}],"wp:term":[{"taxonomy":"category","embeddable":true,"href":"https:\/\/eldiarioantillano.com\/uno\/wp-json\/wp\/v2\/categories?post=73713"},{"taxonomy":"post_tag","embeddable":true,"href":"https:\/\/eldiarioantillano.com\/uno\/wp-json\/wp\/v2\/tags?post=73713"}],"curies":[{"name":"wp","href":"https:\/\/api.w.org\/{rel}","templated":true}]}}