{"id":73691,"date":"2025-06-20T00:00:00","date_gmt":"2025-06-20T04:00:00","guid":{"rendered":"https:\/\/eldiarioantillano.com\/uno\/?p=73691"},"modified":"2025-06-19T23:47:12","modified_gmt":"2025-06-20T03:47:12","slug":"las-protestas-contra-trump","status":"publish","type":"post","link":"https:\/\/eldiarioantillano.com\/uno\/2025\/06\/20\/las-protestas-contra-trump\/","title":{"rendered":"Las protestas contra Trump"},"content":{"rendered":"\n<p>Las protestas en Los \u00c1ngeles reavivaron la resistencia contra Trump que se ampli\u00f3 a\u00fan m\u00e1s con las manifestaciones del s\u00e1bado pasado en m\u00e1s de 2 mil ciudades y pueblos de Estados Unidos.<\/p>\n\n\n\n<p>Por ESTHER HERN\u00c1NDEZ MEDINA<\/p>\n\n\n\n<p class=\"has-text-align-right\"><em>Una revuelta es el lenguaje <\/em><br><em>de quienes no escuchamos<\/em><br> Martin Luther King<\/p>\n\n\n<div class=\"wp-block-image is-style-rounded\">\n<figure class=\"alignright size-thumbnail\"><img decoding=\"async\" width=\"150\" height=\"150\" src=\"https:\/\/eldiarioantillano.com\/uno\/wp-content\/uploads\/2024\/04\/Esther-150x150.jpg\" alt=\"\" class=\"wp-image-66217\" srcset=\"https:\/\/eldiarioantillano.com\/uno\/wp-content\/uploads\/2024\/04\/Esther-150x150.jpg 150w, https:\/\/eldiarioantillano.com\/uno\/wp-content\/uploads\/2024\/04\/Esther-300x300.jpg 300w, https:\/\/eldiarioantillano.com\/uno\/wp-content\/uploads\/2024\/04\/Esther-585x585.jpg 585w, https:\/\/eldiarioantillano.com\/uno\/wp-content\/uploads\/2024\/04\/Esther.jpg 640w\" sizes=\"(max-width: 150px) 100vw, 150px\" \/><figcaption class=\"wp-element-caption\">Esther Hern\u00e1ndez Medina<\/figcaption><\/figure>\n<\/div>\n\n\n<p>Veh\u00edculos quemados, propiedades destruidas, j\u00f3venes envueltos en banderas mexicanas, salvadore\u00f1as o guatemaltecas subidos en carros o desafiando a las fuerzas del orden, polic\u00edas y militares lanzando bombas lacrim\u00f3genas, empujando a la multitud desde sus caballos y hasta disparando balas de goma a personas indefensas incluyendo protestantes y periodistas. Probablemente muchas y muchos de ustedes vieron estas im\u00e1genes de las protestas en Los \u00c1ngeles, la ciudad que se ha convertido en <a href=\"https:\/\/acento.com.do\/opinion\/una-flaneuse-caribena-en-los-angeles-9309334.html\">mi segunda casa<\/a> desde que me mud\u00e9 a su centro o <em>downtown<\/em>, justamente donde han ocurrido las manifestaciones.<\/p>\n\n\n\n<p>Lo que es menos probable que hayan visto, porque han circulado mucho menos, son las im\u00e1genes de la gran mayor\u00eda de las personas que han participado en las protestas de manera <a href=\"https:\/\/www.youtube.com\/watch?v=htcPR_Huirg\">pac\u00edfica y creativa<\/a> ni los videos de activistas, <a href=\"https:\/\/www.youtube.com\/shorts\/94XAHV_C9EM\">profesores y profesoras<\/a>, inmigrantes y otras personas denunciando la nueva oleada de redadas y deportaciones indiscriminadas que ha estado llevando a cabo ICE, la agencia federal a cargo del control migratorio y aduanal en Estados Unidos. Tambi\u00e9n han circulado mucho menos las im\u00e1genes de c\u00f3mo ICE no solo aument\u00f3 sus redadas siguiendo las \u00f3rdenes de Stephen Miller, uno de los asesores m\u00e1s cercanos de Trump, sino que adem\u00e1s lo hizo present\u00e1ndose de manera violenta en lugares de trabajo, escuelas, salas de emergencia y albergues para personas que viven en la calle. (\u00bfLes parece conocido?)<\/p>\n\n\n\n<p>Tal y como ocurri\u00f3 con las protestas por el asesinato de George Floyd en el 2020, una parte de la prensa y los grupos de la extrema derecha compartieron el primer tipo de im\u00e1genes sin ofrecer ning\u00fan contexto. Nuevamente, distorsionaron los hechos; en esta ocasi\u00f3n dando la impresi\u00f3n, como dijo el mismo Trump, que la ciudad estaba totalmente \u201cfuera de control\u201d y que hab\u00eda que \u201cliberar[la]\u201d de \u201cuna invasi\u00f3n extranjera\u201d. Y no es as\u00ed. As\u00ed como en Santo Domingo las protestas tienen lugar en lugares simb\u00f3licos como el Parque Independencia o frente al Palacio Nacional, las manifestaciones en Los \u00c1ngeles se han concentrado en unas cuantas cuadras del centro donde se encuentran los edificios gubernamentales m\u00e1s importantes como el ayuntamiento. El toque de queda que la alcaldesa estableci\u00f3 para controlar la violencia de un grupo muy peque\u00f1o de protestantes tambi\u00e9n fue en un \u00e1rea muy limitada del <em>downtown<\/em>.<\/p>\n\n\n\n<p>En mi columna de hoy, les invito a analizar qu\u00e9 representan estas protestas, la violencia con que intervino el gobierno federal para \u201ccontrolarlas\u201d y por qu\u00e9 empezaron en Los \u00c1ngeles. Lo primero es que Los \u00c1ngeles es la ciudad m\u00e1s pro-inmigrante de los EE.\u00a0UU. por ser el mayor centro urbano en el que la mayor\u00eda de la poblaci\u00f3n pertenece a minor\u00edas raciales y \u00e9tnicas. De hecho, la comunidad latina representa casi la mitad de la metr\u00f3poli (46.9% en el censo del 2020) y la ciudad siempre ha sido multicultural desde que la fundaron un grupo de personas negras, ind\u00edgenas y espa\u00f1olas en 1781, como destaca <a href=\"https:\/\/spectrejournal.com\/defend-the-land\/\">mi colega Maga Miranda<\/a>. Por eso estoy de acuerdo con el profesor de Harvard Steven Levitsky quien argumenta que el haber ampliado las acciones de ICE en Los \u00c1ngeles ha sido una maniobra calculada de Trump para generar una falsa emergencia que pueda utilizar como una oportunidad para expandir su poder. Como enfatiza tambi\u00e9n Maga Miranda, lo que Trump busca es castigar a Los \u00c1ngeles por desafiar su agenda y usarla como ejemplo para amedrentar a otras ciudades santuario o pro-inmigrantes.<\/p>\n\n\n\n<p>Como han planteado tanto el <a href=\"https:\/\/www.youtube.com\/watch?v=pXQQNUeb4Sw\">gobernador de California, Gavin Newsom,<\/a> como la alcaldesa Karen Bass, el gobierno federal ha utilizado la excusa de las protestas contra ICE para intervenir en la ciudad pas\u00e1ndole por encima a las autoridades del estado; una medida tan extraordinaria que ning\u00fan presidente la hab\u00eda utilizado desde que Johnson lo hizo para obligar a los estados del sur a integrar racialmente sus escuelas en 1965. Tal y como destac\u00f3 Newsom, las redadas y deportaciones indiscriminadas de ICE bajo Trump no siguen el consenso hist\u00f3rico entre ambos partidos de perseguir solo a quienes tienen procesos de deportaci\u00f3n ya iniciados o han cometido cr\u00edmenes graves. Por eso poner a la Guardia Civil de California bajo el mando del gobierno federal para mandarla a Los \u00c1ngeles sin consultar al gobernador y a la alcaldesa \u201cno tiene como prop\u00f3sito proteger, sino aterrorizar\u201d a quienes viven en la ciudad. De hecho, el tener a la Guardia Civil en las calles solo contribuy\u00f3 a que la situaci\u00f3n se saliera a\u00fan m\u00e1s de control.<\/p>\n\n\n\n<p>M\u00e1s a\u00fan, seg\u00fan datos recientes del Pent\u00e1gono, las tropas enviadas por Trump a Los \u00c1ngeles superan en n\u00famero a las tropas de EE.\u00a0UU. presentes en Siria y en Iraq. Tambi\u00e9n es extraordinario el env\u00edo de marines en el mismo territorio estadounidense. La \u00faltima vez que eso ocurri\u00f3 fue en 1992, tambi\u00e9n en Los \u00c1ngeles, cuando el primer presidente Bush los envi\u00f3 para ayudar a controlar las protestas por la golpiza y el abuso contra el afroamericano Rodney King por parte de cuatro polic\u00edas. En esta ocasi\u00f3n, sin embargo, los hechos parecen darle la raz\u00f3n a Levitsky. Trump no hace ning\u00fan esfuerzo por ocultar su intenci\u00f3n de seguir provocando situaciones de emergencia para concentrar m\u00e1s poder. Hace poco anunci\u00f3 que expandir\u00e1 las redadas de ICE en otras ciudades dem\u00f3cratas como Chicago, Seattle y Nueva York. Esto tampoco es casualidad porque, como plante\u00f3 la <a href=\"https:\/\/www.youtube.com\/watch?v=dTg3OJlkqmk\">diputada de Chicago Delia Ram\u00edrez<\/a>, hija de inmigrantes de Guatemala, Trump est\u00e1 \u201cenviando el ej\u00e9rcito a las ciudades que se atreven a disentir y resistir\u201d.<\/p>\n\n\n\n<p>Esta vena autoritaria se refleja en la manera en que el gobierno de <a href=\"https:\/\/acento.com.do\/opinion\/los-ataques-de-trump-a-las-universidades-9500410.html\">Trump sistem\u00e1ticamente ataca a quienes se le oponen,<\/a> incluyendo las y los representantes de los otros poderes del estado. En el \u00faltimo mes y medio, por ejemplo, el FBI arrest\u00f3 a la jueza Hannah Dugan en Milwaukee, agentes de ICE arrestaron al alcalde de Newark, Ras Baraka y la semana pasada oficiales del FBI sacaron a la fuerza, tiraron al piso y arrestaron al <a href=\"https:\/\/www.youtube.com\/shorts\/8Qh4g_11fRA\">senador de California Alex Padilla<\/a> cuando intent\u00f3 hacerle preguntas a la ministra de seguridad nacional Kristi Noem en una rueda de prensa. Este autoritarismo tambi\u00e9n se sigue reflejando en el empoderamiento de los grupos paramilitares y otras personas fanatizadas de la extrema derecha como quienes participaron en la insurrecci\u00f3n en el Capitolio en enero del 2021 y fueron perdonados por Trump o como el fan\u00e1tico de MAGA Vance Boelter quien asesin\u00f3 hace unos d\u00edas a la legisladora dem\u00f3crata de Minnesota Melissa Hortman y su esposo e intent\u00f3 matar a su colega John Hoffman y su esposa.<\/p>\n\n\n\n<p>Es en este contexto que hay que analizar las protestas de los \u00faltimos d\u00edas. Las manifestaciones en Los \u00c1ngeles prendieron una mecha que se ha expandido a todo EE.\u00a0UU. La oleada m\u00e1s reciente fueron las protestas \u201cNo Kings\u201d (\u201cNo queremos reyes\u201d) el s\u00e1bado pasado en oposici\u00f3n al desfile militar que Trump tuvo para celebrar su cumplea\u00f1os usando como excusa el aniversario 250 del ej\u00e9rcito a pesar de las amenazas del mismo Trump de que iban a utilizar la fuerza en contra de las y los protestantes. Muchas personas asistieron justamente en reacci\u00f3n a los abusos cometidos por el gobierno federal en Los \u00c1ngeles, en un momento en el que Trump sigue perdiendo apoyo en temas claves. Como destaca Levitsky, el 54% de las personas encuestadas recientemente en un estudio de la Universidad Quinnipiac desaprueban la forma en que Trump ha estado manejando el tema migratorio y el 56% est\u00e1 en contra de las deportaciones. En la encuesta del Public Religion Research Institute (Instituto de Investigaci\u00f3n de la Religi\u00f3n P\u00fablica), el 76% del total se opon\u00edan al desfile militar del s\u00e1bado, incluyendo m\u00e1s de la mitad de las personas que se definen como seguidoras de Trump.<\/p>\n\n\n\n<p>Por eso las protestas son cada vez m\u00e1s diversas. En las del fin de semana pasado estuvieron no solo activistas y otras personas progresistas, sino tambi\u00e9n exmilitares y gente de otros sectores y muchas de las manifestaciones tuvieron lugar en estados predominantemente republicanos como Texas, Kentucky, Arizona, Utah y la Florida. Se estima que entre 4 y 6 millones de personas asistieron a estas protestas en m\u00e1s de 2 mil ciudades y pueblos en todo el pa\u00eds. El periodista <a href=\"https:\/\/www.thedailybeast.com\/data-guru-g-elliott-morris-says-up-to-6-million-people-attended-no-kings-anti-donald-trump-protests\/\">G Elliott Morris<\/a> plantea que a la fecha ya ha habido 15,396 protestas contra Trump en este segundo mandato comparadas con 5,043 protestas en su contra para esta misma fecha en el 2017. Morris tambi\u00e9n sugiere que \u201cNo Kings\u201d puede haber sido la mayor manifestaci\u00f3n en la historia de EE.\u00a0UU.. Eso lo sabremos en los pr\u00f3ximos d\u00edas, pero por lo pronto est\u00e1 claro que ha sido la mayor de las marchas en contra de Trump hasta ahora.<\/p>\n\n\n\n<p>Todav\u00eda es muy temprano para saber si esta nueva oleada de protestas se podr\u00e1 convertir en un movimiento social sostenido. Pero uno de los efectos no previstos de las acciones de Trump es que est\u00e1 ayudando a que se expanda la cantidad de personas preocupadas por la naturaleza antidemocr\u00e1tica de sus pol\u00edticas, incluyendo gente que nunca antes hab\u00eda ido a una protesta. Por ejemplo, el <a href=\"https:\/\/www.youtube.com\/watch?v=wAbHMLOV6Xs\">actor y activista Mark Ruffalo<\/a> se refer\u00eda a c\u00f3mo los excesos de Trump pueden aumentar el nivel de conciencia del p\u00fablico estadounidense. En una entrevista durante las protestas del s\u00e1bado en Nueva York, enfatiz\u00f3 que \u201ceste gobierno va a continuar pas\u00e1ndose de la raya y esta [las protestas] ser\u00e1 la respuesta\u201d.<\/p>\n","protected":false},"excerpt":{"rendered":"<p>Las protestas en Los \u00c1ngeles reavivaron la resistencia contra Trump que se ampli\u00f3 a\u00fan m\u00e1s&hellip;<\/p>\n","protected":false},"author":2,"featured_media":66217,"comment_status":"open","ping_status":"open","sticky":false,"template":"","format":"standard","meta":{"footnotes":""},"categories":[70,52,51],"tags":[],"class_list":["post-73691","post","type-post","status-publish","format-standard","has-post-thumbnail","hentry","category-esther-hernandez-medina","category-internacionales","category-opinion"],"_links":{"self":[{"href":"https:\/\/eldiarioantillano.com\/uno\/wp-json\/wp\/v2\/posts\/73691","targetHints":{"allow":["GET"]}}],"collection":[{"href":"https:\/\/eldiarioantillano.com\/uno\/wp-json\/wp\/v2\/posts"}],"about":[{"href":"https:\/\/eldiarioantillano.com\/uno\/wp-json\/wp\/v2\/types\/post"}],"author":[{"embeddable":true,"href":"https:\/\/eldiarioantillano.com\/uno\/wp-json\/wp\/v2\/users\/2"}],"replies":[{"embeddable":true,"href":"https:\/\/eldiarioantillano.com\/uno\/wp-json\/wp\/v2\/comments?post=73691"}],"version-history":[{"count":2,"href":"https:\/\/eldiarioantillano.com\/uno\/wp-json\/wp\/v2\/posts\/73691\/revisions"}],"predecessor-version":[{"id":73693,"href":"https:\/\/eldiarioantillano.com\/uno\/wp-json\/wp\/v2\/posts\/73691\/revisions\/73693"}],"wp:featuredmedia":[{"embeddable":true,"href":"https:\/\/eldiarioantillano.com\/uno\/wp-json\/wp\/v2\/media\/66217"}],"wp:attachment":[{"href":"https:\/\/eldiarioantillano.com\/uno\/wp-json\/wp\/v2\/media?parent=73691"}],"wp:term":[{"taxonomy":"category","embeddable":true,"href":"https:\/\/eldiarioantillano.com\/uno\/wp-json\/wp\/v2\/categories?post=73691"},{"taxonomy":"post_tag","embeddable":true,"href":"https:\/\/eldiarioantillano.com\/uno\/wp-json\/wp\/v2\/tags?post=73691"}],"curies":[{"name":"wp","href":"https:\/\/api.w.org\/{rel}","templated":true}]}}