{"id":73687,"date":"2025-06-20T00:00:00","date_gmt":"2025-06-20T04:00:00","guid":{"rendered":"https:\/\/eldiarioantillano.com\/uno\/?p=73687"},"modified":"2025-06-19T23:38:18","modified_gmt":"2025-06-20T03:38:18","slug":"inician-torneo-de-baloncesto-superior-en-el-km-13-de-montecristi","status":"publish","type":"post","link":"https:\/\/eldiarioantillano.com\/uno\/2025\/06\/20\/inician-torneo-de-baloncesto-superior-en-el-km-13-de-montecristi\/","title":{"rendered":"Inician torneo de baloncesto superior en el km. 13 de Montecristi"},"content":{"rendered":"\n<p>Entre los j\u00f3venes se distingue Daian M\u00e9ndez (centro), presidente de la asamblea de regidores del cabildo local, quien colabor\u00f3 con los deportistas, junto a\u00a0 Ram\u00f3n Jim\u00e9nez y Jos\u00e9 Armando Jerez.\u00a0<br><\/p>\n","protected":false},"excerpt":{"rendered":"<p>Entre los j\u00f3venes se distingue Daian M\u00e9ndez (centro), presidente de la asamblea de regidores del&hellip;<\/p>\n","protected":false},"author":2,"featured_media":73682,"comment_status":"open","ping_status":"open","sticky":false,"template":"","format":"standard","meta":{"footnotes":""},"categories":[61,57],"tags":[],"class_list":["post-73687","post","type-post","status-publish","format-standard","has-post-thumbnail","hentry","category-deporte","category-montecristi"],"_links":{"self":[{"href":"https:\/\/eldiarioantillano.com\/uno\/wp-json\/wp\/v2\/posts\/73687","targetHints":{"allow":["GET"]}}],"collection":[{"href":"https:\/\/eldiarioantillano.com\/uno\/wp-json\/wp\/v2\/posts"}],"about":[{"href":"https:\/\/eldiarioantillano.com\/uno\/wp-json\/wp\/v2\/types\/post"}],"author":[{"embeddable":true,"href":"https:\/\/eldiarioantillano.com\/uno\/wp-json\/wp\/v2\/users\/2"}],"replies":[{"embeddable":true,"href":"https:\/\/eldiarioantillano.com\/uno\/wp-json\/wp\/v2\/comments?post=73687"}],"version-history":[{"count":1,"href":"https:\/\/eldiarioantillano.com\/uno\/wp-json\/wp\/v2\/posts\/73687\/revisions"}],"predecessor-version":[{"id":73688,"href":"https:\/\/eldiarioantillano.com\/uno\/wp-json\/wp\/v2\/posts\/73687\/revisions\/73688"}],"wp:featuredmedia":[{"embeddable":true,"href":"https:\/\/eldiarioantillano.com\/uno\/wp-json\/wp\/v2\/media\/73682"}],"wp:attachment":[{"href":"https:\/\/eldiarioantillano.com\/uno\/wp-json\/wp\/v2\/media?parent=73687"}],"wp:term":[{"taxonomy":"category","embeddable":true,"href":"https:\/\/eldiarioantillano.com\/uno\/wp-json\/wp\/v2\/categories?post=73687"},{"taxonomy":"post_tag","embeddable":true,"href":"https:\/\/eldiarioantillano.com\/uno\/wp-json\/wp\/v2\/tags?post=73687"}],"curies":[{"name":"wp","href":"https:\/\/api.w.org\/{rel}","templated":true}]}}