{"id":73645,"date":"2025-06-17T22:07:56","date_gmt":"2025-06-18T02:07:56","guid":{"rendered":"https:\/\/eldiarioantillano.com\/uno\/?p=73645"},"modified":"2025-06-17T22:18:29","modified_gmt":"2025-06-18T02:18:29","slug":"dirigentes-de-sitracode-y-del-mr1j4-conmemoran-gesta-antitrujillista","status":"publish","type":"post","link":"https:\/\/eldiarioantillano.com\/uno\/2025\/06\/17\/dirigentes-de-sitracode-y-del-mr1j4-conmemoran-gesta-antitrujillista\/","title":{"rendered":"Dirigentes de Sitracode y del MR1J4\u00a0 conmemoran gesta antitrujillista"},"content":{"rendered":"\n<p>Al cumplirse el 66 aniversario de la expedici\u00f3n militar de 1959, dirigentes del desaparecido Sindicato de Trabajadores de la Corporaci\u00f3n Dominicana de Electricidad y del Movimiento Revolucionario 1J4 se reunieron en la sede de la Asociaci\u00f3n de Abogados de Santiago.\u00a0<br><br><br><\/p>\n","protected":false},"excerpt":{"rendered":"<p>Al cumplirse el 66 aniversario de la expedici\u00f3n militar de 1959, dirigentes del desaparecido Sindicato&hellip;<\/p>\n","protected":false},"author":2,"featured_media":73650,"comment_status":"open","ping_status":"open","sticky":false,"template":"","format":"standard","meta":{"footnotes":""},"categories":[55],"tags":[],"class_list":["post-73645","post","type-post","status-publish","format-standard","has-post-thumbnail","hentry","category-nacionales"],"_links":{"self":[{"href":"https:\/\/eldiarioantillano.com\/uno\/wp-json\/wp\/v2\/posts\/73645","targetHints":{"allow":["GET"]}}],"collection":[{"href":"https:\/\/eldiarioantillano.com\/uno\/wp-json\/wp\/v2\/posts"}],"about":[{"href":"https:\/\/eldiarioantillano.com\/uno\/wp-json\/wp\/v2\/types\/post"}],"author":[{"embeddable":true,"href":"https:\/\/eldiarioantillano.com\/uno\/wp-json\/wp\/v2\/users\/2"}],"replies":[{"embeddable":true,"href":"https:\/\/eldiarioantillano.com\/uno\/wp-json\/wp\/v2\/comments?post=73645"}],"version-history":[{"count":2,"href":"https:\/\/eldiarioantillano.com\/uno\/wp-json\/wp\/v2\/posts\/73645\/revisions"}],"predecessor-version":[{"id":73662,"href":"https:\/\/eldiarioantillano.com\/uno\/wp-json\/wp\/v2\/posts\/73645\/revisions\/73662"}],"wp:featuredmedia":[{"embeddable":true,"href":"https:\/\/eldiarioantillano.com\/uno\/wp-json\/wp\/v2\/media\/73650"}],"wp:attachment":[{"href":"https:\/\/eldiarioantillano.com\/uno\/wp-json\/wp\/v2\/media?parent=73645"}],"wp:term":[{"taxonomy":"category","embeddable":true,"href":"https:\/\/eldiarioantillano.com\/uno\/wp-json\/wp\/v2\/categories?post=73645"},{"taxonomy":"post_tag","embeddable":true,"href":"https:\/\/eldiarioantillano.com\/uno\/wp-json\/wp\/v2\/tags?post=73645"}],"curies":[{"name":"wp","href":"https:\/\/api.w.org\/{rel}","templated":true}]}}