{"id":73643,"date":"2025-06-18T00:02:00","date_gmt":"2025-06-18T04:02:00","guid":{"rendered":"https:\/\/eldiarioantillano.com\/uno\/?p=73643"},"modified":"2025-06-17T22:04:14","modified_gmt":"2025-06-18T02:04:14","slug":"unos-700-mil-ninos-en-haiti-obligados-a-huir-de-sus-hogares","status":"publish","type":"post","link":"https:\/\/eldiarioantillano.com\/uno\/2025\/06\/18\/unos-700-mil-ninos-en-haiti-obligados-a-huir-de-sus-hogares\/","title":{"rendered":"Unos 700 mil ni\u00f1os en Hait\u00ed obligados a huir de sus hogares"},"content":{"rendered":"\n<p>Puerto Pr\u00edncipe, (Prensa Latina) La organizaci\u00f3n Save the Children en Hait\u00ed inform\u00f3 que cerca de 700 mil ni\u00f1os huyeron de sus hogares ante la crueldad que ejercen hoy las pandillas en la naci\u00f3n caribe\u00f1a.<\/p>\n\n\n\n<p>Los menores en su inmensa mayor\u00eda viv\u00edan en los departamentos de Oeste y Centro, y en los alrededores del aeropuerto internacional, en esta capital.<\/p>\n\n\n\n<p>De acuerdo con la entidad, el n\u00famero total de desplazados internos se encuentra en un nivel extremadamente alto, casi 1,3 millones.<\/p>\n\n\n\n<p>En la actualidad, uno de cada nueve adultos y uno de cada seis ni\u00f1os est\u00e1n desplazados, lo que representa un aumento de 24 por ciento respecto a 2024, seg\u00fan la Organizaci\u00f3n Internacional para las Migraciones citada por el diario <em>Le Facteur Haiti.<\/em><\/p>\n\n\n\n<p>Esos infantes y sus familias viven en escuelas superpobladas convertidas en refugios, sin acceso a agua potable, alimentos o mecanismos de protecci\u00f3n.<\/p>\n\n\n\n<p>\u00abLos ni\u00f1os en Hait\u00ed est\u00e1n viviendo actualmente una pesadilla de la que no pueden escapar. Uno de cada seis ni\u00f1os se ha visto obligado a abandonar su hogar y su entorno de vida\u00bb, lament\u00f3 la directora de Save the Children, Chantal Sylvie.<\/p>\n\n\n\n<p>Muchos viven en campamentos superpoblados, donde la ayuda es limitada y los peligros de la violencia sexual, los abusos y el reclutamiento por parte de grupos armados son generalizados, dijo Sylvie .<\/p>\n\n\n\n<p>\u00abEl mundo necesita despertar y ver lo que est\u00e1 sucediendo en este pa\u00eds\u00bb, sentenci\u00f3 la directora de Save the Children en Hait\u00ed.<\/p>\n\n\n\n<p>arc\/joe<\/p>\n","protected":false},"excerpt":{"rendered":"<p>Puerto Pr\u00edncipe, (Prensa Latina) La organizaci\u00f3n Save the Children en Hait\u00ed inform\u00f3 que cerca de&hellip;<\/p>\n","protected":false},"author":2,"featured_media":69040,"comment_status":"open","ping_status":"open","sticky":false,"template":"","format":"standard","meta":{"footnotes":""},"categories":[52,53],"tags":[],"class_list":["post-73643","post","type-post","status-publish","format-standard","has-post-thumbnail","hentry","category-internacionales","category-prensa-latina"],"_links":{"self":[{"href":"https:\/\/eldiarioantillano.com\/uno\/wp-json\/wp\/v2\/posts\/73643","targetHints":{"allow":["GET"]}}],"collection":[{"href":"https:\/\/eldiarioantillano.com\/uno\/wp-json\/wp\/v2\/posts"}],"about":[{"href":"https:\/\/eldiarioantillano.com\/uno\/wp-json\/wp\/v2\/types\/post"}],"author":[{"embeddable":true,"href":"https:\/\/eldiarioantillano.com\/uno\/wp-json\/wp\/v2\/users\/2"}],"replies":[{"embeddable":true,"href":"https:\/\/eldiarioantillano.com\/uno\/wp-json\/wp\/v2\/comments?post=73643"}],"version-history":[{"count":1,"href":"https:\/\/eldiarioantillano.com\/uno\/wp-json\/wp\/v2\/posts\/73643\/revisions"}],"predecessor-version":[{"id":73644,"href":"https:\/\/eldiarioantillano.com\/uno\/wp-json\/wp\/v2\/posts\/73643\/revisions\/73644"}],"wp:featuredmedia":[{"embeddable":true,"href":"https:\/\/eldiarioantillano.com\/uno\/wp-json\/wp\/v2\/media\/69040"}],"wp:attachment":[{"href":"https:\/\/eldiarioantillano.com\/uno\/wp-json\/wp\/v2\/media?parent=73643"}],"wp:term":[{"taxonomy":"category","embeddable":true,"href":"https:\/\/eldiarioantillano.com\/uno\/wp-json\/wp\/v2\/categories?post=73643"},{"taxonomy":"post_tag","embeddable":true,"href":"https:\/\/eldiarioantillano.com\/uno\/wp-json\/wp\/v2\/tags?post=73643"}],"curies":[{"name":"wp","href":"https:\/\/api.w.org\/{rel}","templated":true}]}}