{"id":73635,"date":"2025-06-17T00:23:54","date_gmt":"2025-06-17T04:23:54","guid":{"rendered":"https:\/\/eldiarioantillano.com\/uno\/?p=73635"},"modified":"2025-06-17T00:27:32","modified_gmt":"2025-06-17T04:27:32","slug":"montecristi-rinde-homenaje-a-debora-menieur-nunez-egresada-de-harvard","status":"publish","type":"post","link":"https:\/\/eldiarioantillano.com\/uno\/2025\/06\/17\/montecristi-rinde-homenaje-a-debora-menieur-nunez-egresada-de-harvard\/","title":{"rendered":"Montecristi rinde homenaje a D\u00e9bora\u00a0Menieur N\u00fa\u00f1ez, egresada de Harvard"},"content":{"rendered":"\n<p>La joven obtuvo una maestr\u00eda en Educaci\u00f3n con concentraci\u00f3n en Pol\u00edtica y An\u00e1lisis Educativo en la prestigiosa Universidad de Harvard, en Boston, Estados Unidos.\u00a0La actividad fue celebrada en el sal\u00f3n de actos del Polit\u00e9cnico San Jos\u00e9, con la presencia de estudiantes, familiares y autoridades.\u00a0 D\u00e9bora es hija de Francis Menieur Minaya, oriundo de Montecristi, y D\u00e9borah N\u00fa\u00f1ez Morales, natural de Arecibo, Puerto Rico.\u00a0<\/p>\n\n\n\n<figure class=\"wp-block-image size-large\"><img fetchpriority=\"high\" decoding=\"async\" width=\"1024\" height=\"682\" src=\"https:\/\/eldiarioantillano.com\/uno\/wp-content\/uploads\/2025\/06\/IMG-20250616-WA0075-1024x682.jpg\" alt=\"\" class=\"wp-image-73622\" srcset=\"https:\/\/eldiarioantillano.com\/uno\/wp-content\/uploads\/2025\/06\/IMG-20250616-WA0075-1024x682.jpg 1024w, https:\/\/eldiarioantillano.com\/uno\/wp-content\/uploads\/2025\/06\/IMG-20250616-WA0075-300x200.jpg 300w, https:\/\/eldiarioantillano.com\/uno\/wp-content\/uploads\/2025\/06\/IMG-20250616-WA0075-768x512.jpg 768w, https:\/\/eldiarioantillano.com\/uno\/wp-content\/uploads\/2025\/06\/IMG-20250616-WA0075-1536x1023.jpg 1536w, https:\/\/eldiarioantillano.com\/uno\/wp-content\/uploads\/2025\/06\/IMG-20250616-WA0075-1170x780.jpg 1170w, https:\/\/eldiarioantillano.com\/uno\/wp-content\/uploads\/2025\/06\/IMG-20250616-WA0075-585x390.jpg 585w, https:\/\/eldiarioantillano.com\/uno\/wp-content\/uploads\/2025\/06\/IMG-20250616-WA0075-263x175.jpg 263w, https:\/\/eldiarioantillano.com\/uno\/wp-content\/uploads\/2025\/06\/IMG-20250616-WA0075.jpg 1600w\" sizes=\"(max-width: 1024px) 100vw, 1024px\" \/><\/figure>\n\n\n\n<p>El presidente de la asamblea de regidores(as) de Montecristi, Dayan M\u00e9ndez, entrega un pergamino a D\u00e9bora.\u00a0<br><br><br><\/p>\n","protected":false},"excerpt":{"rendered":"<p>La joven obtuvo una maestr\u00eda en Educaci\u00f3n con concentraci\u00f3n en Pol\u00edtica y An\u00e1lisis Educativo en&hellip;<\/p>\n","protected":false},"author":2,"featured_media":73623,"comment_status":"open","ping_status":"open","sticky":false,"template":"","format":"standard","meta":{"footnotes":""},"categories":[57],"tags":[],"class_list":["post-73635","post","type-post","status-publish","format-standard","has-post-thumbnail","hentry","category-montecristi"],"_links":{"self":[{"href":"https:\/\/eldiarioantillano.com\/uno\/wp-json\/wp\/v2\/posts\/73635","targetHints":{"allow":["GET"]}}],"collection":[{"href":"https:\/\/eldiarioantillano.com\/uno\/wp-json\/wp\/v2\/posts"}],"about":[{"href":"https:\/\/eldiarioantillano.com\/uno\/wp-json\/wp\/v2\/types\/post"}],"author":[{"embeddable":true,"href":"https:\/\/eldiarioantillano.com\/uno\/wp-json\/wp\/v2\/users\/2"}],"replies":[{"embeddable":true,"href":"https:\/\/eldiarioantillano.com\/uno\/wp-json\/wp\/v2\/comments?post=73635"}],"version-history":[{"count":2,"href":"https:\/\/eldiarioantillano.com\/uno\/wp-json\/wp\/v2\/posts\/73635\/revisions"}],"predecessor-version":[{"id":73638,"href":"https:\/\/eldiarioantillano.com\/uno\/wp-json\/wp\/v2\/posts\/73635\/revisions\/73638"}],"wp:featuredmedia":[{"embeddable":true,"href":"https:\/\/eldiarioantillano.com\/uno\/wp-json\/wp\/v2\/media\/73623"}],"wp:attachment":[{"href":"https:\/\/eldiarioantillano.com\/uno\/wp-json\/wp\/v2\/media?parent=73635"}],"wp:term":[{"taxonomy":"category","embeddable":true,"href":"https:\/\/eldiarioantillano.com\/uno\/wp-json\/wp\/v2\/categories?post=73635"},{"taxonomy":"post_tag","embeddable":true,"href":"https:\/\/eldiarioantillano.com\/uno\/wp-json\/wp\/v2\/tags?post=73635"}],"curies":[{"name":"wp","href":"https:\/\/api.w.org\/{rel}","templated":true}]}}