{"id":73631,"date":"2025-06-17T00:18:59","date_gmt":"2025-06-17T04:18:59","guid":{"rendered":"https:\/\/eldiarioantillano.com\/uno\/?p=73631"},"modified":"2025-06-17T00:19:05","modified_gmt":"2025-06-17T04:19:05","slug":"gobernadora-de-montecristi-se-reune-con-director-del-servicio-nacional-de-salud","status":"publish","type":"post","link":"https:\/\/eldiarioantillano.com\/uno\/2025\/06\/17\/gobernadora-de-montecristi-se-reune-con-director-del-servicio-nacional-de-salud\/","title":{"rendered":"Gobernadora de Montecristi se re\u00fane con director del Servicio Nacional de Salud"},"content":{"rendered":"\n<figure class=\"wp-block-image size-large\"><img fetchpriority=\"high\" decoding=\"async\" width=\"768\" height=\"1024\" src=\"https:\/\/eldiarioantillano.com\/uno\/wp-content\/uploads\/2025\/06\/IMG-20250616-WA0081-768x1024.jpg\" alt=\"\" class=\"wp-image-73624\" style=\"aspect-ratio:1;object-fit:cover\" srcset=\"https:\/\/eldiarioantillano.com\/uno\/wp-content\/uploads\/2025\/06\/IMG-20250616-WA0081-768x1024.jpg 768w, https:\/\/eldiarioantillano.com\/uno\/wp-content\/uploads\/2025\/06\/IMG-20250616-WA0081-225x300.jpg 225w, https:\/\/eldiarioantillano.com\/uno\/wp-content\/uploads\/2025\/06\/IMG-20250616-WA0081-585x780.jpg 585w, https:\/\/eldiarioantillano.com\/uno\/wp-content\/uploads\/2025\/06\/IMG-20250616-WA0081.jpg 960w\" sizes=\"(max-width: 768px) 100vw, 768px\" \/><\/figure>\n\n\n\n<p>Leissa Cruz estuvo acompa\u00f1ada del pelotero Nelson Cruz en su encuentro este lunes 16 de junio con el Dr. Mario Lama, para buscar soluci\u00f3n a los problemas de la cl\u00ednica en El Vigiador, en el km. 17 de la carretera Montecristi-Santiago.\u00a0\u00a0<\/p>\n\n\n\n<figure class=\"wp-block-image size-large\"><img decoding=\"async\" width=\"768\" height=\"1024\" src=\"https:\/\/eldiarioantillano.com\/uno\/wp-content\/uploads\/2025\/06\/IMG-20250616-WA0082-768x1024.jpg\" alt=\"\" class=\"wp-image-73625\" style=\"aspect-ratio:1;object-fit:cover\" srcset=\"https:\/\/eldiarioantillano.com\/uno\/wp-content\/uploads\/2025\/06\/IMG-20250616-WA0082-768x1024.jpg 768w, https:\/\/eldiarioantillano.com\/uno\/wp-content\/uploads\/2025\/06\/IMG-20250616-WA0082-225x300.jpg 225w, https:\/\/eldiarioantillano.com\/uno\/wp-content\/uploads\/2025\/06\/IMG-20250616-WA0082-585x780.jpg 585w, https:\/\/eldiarioantillano.com\/uno\/wp-content\/uploads\/2025\/06\/IMG-20250616-WA0082.jpg 960w\" sizes=\"(max-width: 768px) 100vw, 768px\" \/><\/figure>\n\n\n\n<p>Mario Lama se reuni\u00f3 tambi\u00e9n con el director del distrito municipal de Palo Verde, Lucho Reyes.\u00a0<br><br><br><\/p>\n\n\n\n<p><br><\/p>\n","protected":false},"excerpt":{"rendered":"<p>Leissa Cruz estuvo acompa\u00f1ada del pelotero Nelson Cruz en su encuentro este lunes 16 de&hellip;<\/p>\n","protected":false},"author":2,"featured_media":73624,"comment_status":"open","ping_status":"open","sticky":false,"template":"","format":"standard","meta":{"footnotes":""},"categories":[57],"tags":[],"class_list":["post-73631","post","type-post","status-publish","format-standard","has-post-thumbnail","hentry","category-montecristi"],"_links":{"self":[{"href":"https:\/\/eldiarioantillano.com\/uno\/wp-json\/wp\/v2\/posts\/73631","targetHints":{"allow":["GET"]}}],"collection":[{"href":"https:\/\/eldiarioantillano.com\/uno\/wp-json\/wp\/v2\/posts"}],"about":[{"href":"https:\/\/eldiarioantillano.com\/uno\/wp-json\/wp\/v2\/types\/post"}],"author":[{"embeddable":true,"href":"https:\/\/eldiarioantillano.com\/uno\/wp-json\/wp\/v2\/users\/2"}],"replies":[{"embeddable":true,"href":"https:\/\/eldiarioantillano.com\/uno\/wp-json\/wp\/v2\/comments?post=73631"}],"version-history":[{"count":1,"href":"https:\/\/eldiarioantillano.com\/uno\/wp-json\/wp\/v2\/posts\/73631\/revisions"}],"predecessor-version":[{"id":73632,"href":"https:\/\/eldiarioantillano.com\/uno\/wp-json\/wp\/v2\/posts\/73631\/revisions\/73632"}],"wp:featuredmedia":[{"embeddable":true,"href":"https:\/\/eldiarioantillano.com\/uno\/wp-json\/wp\/v2\/media\/73624"}],"wp:attachment":[{"href":"https:\/\/eldiarioantillano.com\/uno\/wp-json\/wp\/v2\/media?parent=73631"}],"wp:term":[{"taxonomy":"category","embeddable":true,"href":"https:\/\/eldiarioantillano.com\/uno\/wp-json\/wp\/v2\/categories?post=73631"},{"taxonomy":"post_tag","embeddable":true,"href":"https:\/\/eldiarioantillano.com\/uno\/wp-json\/wp\/v2\/tags?post=73631"}],"curies":[{"name":"wp","href":"https:\/\/api.w.org\/{rel}","templated":true}]}}